{"id":10025,"date":"2016-02-05T12:05:21","date_gmt":"2016-02-05T11:05:21","guid":{"rendered":"http:\/\/www.conselharan.org\/ca\/?p=10025"},"modified":"2016-02-05T12:07:06","modified_gmt":"2016-02-05T11:07:06","slug":"astrid-fina-i-oier-zabala-del-centre-desports-dhivern-adaptat-daran-en-el-wc-dusa-i-canada","status":"publish","type":"post","link":"https:\/\/www.conselharan.org\/ca\/astrid-fina-i-oier-zabala-del-centre-desports-dhivern-adaptat-daran-en-el-wc-dusa-i-canada\/","title":{"rendered":"Astrid Fina i Oier Zabala del Centre d\u2019Esports d\u2019Hivern Adaptat d\u2019Aran en el WC d\u2019USA i Canad\u00e0"},"content":{"rendered":"<p><a href=\"http:\/\/www.conselharan.org\/wp-content\/uploads\/2016\/02\/USA.jpg\"><img loading=\"lazy\" decoding=\"async\" class=\"aligncenter size-large wp-image-10016\" src=\"http:\/\/www.conselharan.org\/wp-content\/uploads\/2016\/02\/USA-768x1024.jpg\" alt=\"USA\" width=\"768\" height=\"1024\" srcset=\"https:\/\/www.conselharan.org\/wp-content\/uploads\/2016\/02\/USA-768x1024.jpg 768w, https:\/\/www.conselharan.org\/wp-content\/uploads\/2016\/02\/USA-225x300.jpg 225w\" sizes=\"(max-width: 768px) 100vw, 768px\" \/><\/a><\/p>\n<p>Despr\u00e9s d&#8217;un accidentat viatge d&#8217;anada a causa de les condicions meteorol\u00f2giques que hi havia a Denver (Colorado) tot est\u00e0 a punt per a la primera competici\u00f3 de l&#8217;equip nacional \u201cB\u201d de surf de neu IPC de la <strong>FEDDF<\/strong>,<strong> Astrid Fina<\/strong> i <strong>Oier Zabala<\/strong>\u00a0<span style=\"line-height: 1.5\">en la seva participaci\u00f3 a les proves del circuit IPC a Nord Am\u00e8rica.<\/span><\/p>\n<p><a href=\"http:\/\/www.conselharan.org\/wp-content\/uploads\/2016\/02\/USA2.jpg\"><img loading=\"lazy\" decoding=\"async\" class=\"aligncenter size-large wp-image-10018\" src=\"http:\/\/www.conselharan.org\/wp-content\/uploads\/2016\/02\/USA2-1024x576.jpg\" alt=\"USA2\" width=\"1024\" height=\"576\" srcset=\"https:\/\/www.conselharan.org\/wp-content\/uploads\/2016\/02\/USA2-1024x576.jpg 1024w, https:\/\/www.conselharan.org\/wp-content\/uploads\/2016\/02\/USA2-300x169.jpg 300w, https:\/\/www.conselharan.org\/wp-content\/uploads\/2016\/02\/USA2.jpg 1334w\" sizes=\"(max-width: 1024px) 100vw, 1024px\" \/><\/a><\/p>\n<p>Despr\u00e9s de participar en la carrera de boardercross a Aspen-Snowmass, en la categoria NORAM (CoC), els dies 5 i 6 de febrer participaran en les proves de SBX World Cup en la mateixa estaci\u00f3.<\/p>\n<p><a href=\"http:\/\/www.conselharan.org\/wp-content\/uploads\/2016\/02\/USA-1.jpg\"><img loading=\"lazy\" decoding=\"async\" class=\"aligncenter size-large wp-image-10019\" src=\"http:\/\/www.conselharan.org\/wp-content\/uploads\/2016\/02\/USA-1-1024x576.jpg\" alt=\"USA-1\" width=\"1024\" height=\"576\" srcset=\"https:\/\/www.conselharan.org\/wp-content\/uploads\/2016\/02\/USA-1-1024x576.jpg 1024w, https:\/\/www.conselharan.org\/wp-content\/uploads\/2016\/02\/USA-1-300x169.jpg 300w, https:\/\/www.conselharan.org\/wp-content\/uploads\/2016\/02\/USA-1.jpg 1334w\" sizes=\"(max-width: 1024px) 100vw, 1024px\" \/><\/a><\/p>\n<p>La setmana vinent la parada del circuit ser\u00e0 a l&#8217;estaci\u00f3 canadenca de Big White. Els riders de l&#8217;equip nacional participaran en tres carreres m\u00e9s de SBX i dos de Banked Esl\u00e0lom tant de NORAM com de WC.<\/p>\n<p>&nbsp;<\/p>\n<p>Vielha, 5 de febrer de 2016<\/p>\n<p>&nbsp;<\/p>\n<p><em>CDIA<\/em><\/p>\n<p><em>Conselh Generau d&#8217;Aran: N\u00faria Sanjuan\u00a0<\/em><\/p>\n<p>&nbsp;<\/p>\n ","protected":false},"excerpt":{"rendered":"<p>Despr\u00e9s d&#8217;un accidentat viatge d&#8217;anada a causa de les condicions meteorol\u00f2giques que hi havia a Denver (Colorado) tot est\u00e0 a punt per a la primera competici\u00f3 de l&#8217;equip nacional \u201cB\u201d de surf de neu IPC de la FEDDF, Astrid Fina i Oier Zabala\u00a0en la seva participaci\u00f3 a les proves del circuit IPC a Nord Am\u00e8rica&#8230;.<\/p>\n","protected":false},"author":2,"featured_media":10018,"comment_status":"closed","ping_status":"closed","sticky":false,"template":"","format":"standard","meta":{"footnotes":""},"categories":[33],"tags":[],"_links":{"self":[{"href":"https:\/\/www.conselharan.org\/ca\/wp-json\/wp\/v2\/posts\/10025"}],"collection":[{"href":"https:\/\/www.conselharan.org\/ca\/wp-json\/wp\/v2\/posts"}],"about":[{"href":"https:\/\/www.conselharan.org\/ca\/wp-json\/wp\/v2\/types\/post"}],"author":[{"embeddable":true,"href":"https:\/\/www.conselharan.org\/ca\/wp-json\/wp\/v2\/users\/2"}],"replies":[{"embeddable":true,"href":"https:\/\/www.conselharan.org\/ca\/wp-json\/wp\/v2\/comments?post=10025"}],"version-history":[{"count":1,"href":"https:\/\/www.conselharan.org\/ca\/wp-json\/wp\/v2\/posts\/10025\/revisions"}],"predecessor-version":[{"id":10026,"href":"https:\/\/www.conselharan.org\/ca\/wp-json\/wp\/v2\/posts\/10025\/revisions\/10026"}],"wp:featuredmedia":[{"embeddable":true,"href":"https:\/\/www.conselharan.org\/ca\/wp-json\/wp\/v2\/media\/10018"}],"wp:attachment":[{"href":"https:\/\/www.conselharan.org\/ca\/wp-json\/wp\/v2\/media?parent=10025"}],"wp:term":[{"taxonomy":"category","embeddable":true,"href":"https:\/\/www.conselharan.org\/ca\/wp-json\/wp\/v2\/categories?post=10025"},{"taxonomy":"post_tag","embeddable":true,"href":"https:\/\/www.conselharan.org\/ca\/wp-json\/wp\/v2\/tags?post=10025"}],"curies":[{"name":"wp","href":"https:\/\/api.w.org\/{rel}","templated":true}]}}