{"id":10037,"date":"2016-02-05T15:40:22","date_gmt":"2016-02-05T14:40:22","guid":{"rendered":"http:\/\/www.conselharan.org\/ca\/?p=10037"},"modified":"2016-02-05T15:40:53","modified_gmt":"2016-02-05T14:40:53","slug":"308-alumnes-aranesos-visiten-el-museu-de-la-val-daran","status":"publish","type":"post","link":"https:\/\/www.conselharan.org\/ca\/308-alumnes-aranesos-visiten-el-museu-de-la-val-daran\/","title":{"rendered":"308 alumnes aranesos visiten el Museu de la Val d\u2019Aran"},"content":{"rendered":"<p><strong>Continuant amb el programa &#8220;Apadrinem el nostre patrimoni&#8221; dut a terme pel Centre de Recursos Pedag\u00f2gics de la Val d&#8217;Aran, 308 alumnes de la Val d\u2019Aran visitaran fins al mes de mar\u00e7 el Museu de la Val d\u2019Aran.<\/strong><\/p>\n<p><strong>Els nens coneixeran l&#8217;exemplar de les \u201cOrdinaciones\u201d exposat en el museu i descobriran an\u00e8cdotes de l&#8217;armari de les sis claus.<\/strong><\/p>\n<p><a href=\"http:\/\/www.conselharan.org\/wp-content\/uploads\/2016\/02\/DSC_0098.jpg\"><img loading=\"lazy\" decoding=\"async\" class=\"aligncenter size-large wp-image-10035\" src=\"http:\/\/www.conselharan.org\/wp-content\/uploads\/2016\/02\/DSC_0098-1024x687.jpg\" alt=\"DSC_0098\" width=\"1024\" height=\"687\" srcset=\"https:\/\/www.conselharan.org\/wp-content\/uploads\/2016\/02\/DSC_0098-1024x687.jpg 1024w, https:\/\/www.conselharan.org\/wp-content\/uploads\/2016\/02\/DSC_0098-300x201.jpg 300w\" sizes=\"(max-width: 1024px) 100vw, 1024px\" \/><\/a><\/p>\n<p>&nbsp;<\/p>\n<p>308 alumnes del CEIP Garona, de l&#8217;INS d\u2019Aran, de l&#8217;Escola Alejandro Casona de Les, de l&#8217;Escola Sant R\u00f2c de Boss\u00f2st i de la ZER de la Val d\u2019Aran, visitaran fins al mes de mar\u00e7 el Museu de la Val d\u2019Aran.<\/p>\n<p>Aquestes visites continuen el programa &#8220;Apadrinem el nostre patrimoni&#8221; dut a terme pel <strong>Centre de Recursos Pedag\u00f2gics de la Val d&#8217;Aran<\/strong> on a trav\u00e9s de la t\u00e8cnica de Patrimoni del Conselh Generau d\u2019Aran,<strong> Elisa Ros<\/strong>, els alumnes coneixeran l&#8217;exemplar de les \u201cOrdinaciones\u201d exposat en el museu i descobriran an\u00e8cdotes de l&#8217;armari de les sis claus, caixa forta de l&#8217;\u00e8poca on se guardava aquest exemplar i d&#8217;altra documentaci\u00f3 del Conselh Generau d&#8217;Aran. L&#8217;armari s&#8217;obria amb els claus que guardava cada un dels conselh\u00e8rs i s\u2019havien de posar d\u2019acord per poder-lo obrir.<\/p>\n<p>Les &#8220;<em>Ordinaciones<\/em>\u201d, redactaves en 1616 pel jurista aragon\u00e8s Juan Francisco de Gracia per ordre reial, van incorporar moltes reformes en el sistema de govern tradicional de la Val d\u2019Aran. A partir de les \u201cOrdenaciones\u201d, la composici\u00f3 del Conselh Generau d\u2019Aran quedaria fixada en: sis \u201c<em>conselh\u00e8rs\u201d,<\/em> sis \u201c<em>pro\u00f2ms\u201d<\/em> i un <em>\u201cSindic Generau\u201d.<\/em><\/p>\n<p>Segons ha manifestat la t\u00e8cnica de Patrimoni del Conselh Generau d\u2019Aran <strong>Elisa Ros \u201cs\u00f3n visites curioses i divertides amb l&#8217;armari dels 6 claus com protagonista\u201d.<\/strong><\/p>\n<p>&nbsp;<\/p>\n<p>Vielha, 5 de febrer de 2016<\/p>\n<p>&nbsp;<\/p>\n<p><em>Conselh Generau d&#8217;Aran: N\u00faria Sanjuan<\/em><\/p>\n ","protected":false},"excerpt":{"rendered":"<p>Continuant amb el programa &#8220;Apadrinem el nostre patrimoni&#8221; dut a terme pel Centre de Recursos Pedag\u00f2gics de la Val d&#8217;Aran, 308 alumnes de la Val d\u2019Aran visitaran fins al mes de mar\u00e7 el Museu de la Val d\u2019Aran. Els nens coneixeran l&#8217;exemplar de les \u201cOrdinaciones\u201d exposat en el museu i descobriran an\u00e8cdotes de l&#8217;armari de&#8230;<\/p>\n","protected":false},"author":2,"featured_media":10035,"comment_status":"closed","ping_status":"closed","sticky":false,"template":"","format":"standard","meta":{"footnotes":""},"categories":[33],"tags":[],"_links":{"self":[{"href":"https:\/\/www.conselharan.org\/ca\/wp-json\/wp\/v2\/posts\/10037"}],"collection":[{"href":"https:\/\/www.conselharan.org\/ca\/wp-json\/wp\/v2\/posts"}],"about":[{"href":"https:\/\/www.conselharan.org\/ca\/wp-json\/wp\/v2\/types\/post"}],"author":[{"embeddable":true,"href":"https:\/\/www.conselharan.org\/ca\/wp-json\/wp\/v2\/users\/2"}],"replies":[{"embeddable":true,"href":"https:\/\/www.conselharan.org\/ca\/wp-json\/wp\/v2\/comments?post=10037"}],"version-history":[{"count":2,"href":"https:\/\/www.conselharan.org\/ca\/wp-json\/wp\/v2\/posts\/10037\/revisions"}],"predecessor-version":[{"id":10039,"href":"https:\/\/www.conselharan.org\/ca\/wp-json\/wp\/v2\/posts\/10037\/revisions\/10039"}],"wp:featuredmedia":[{"embeddable":true,"href":"https:\/\/www.conselharan.org\/ca\/wp-json\/wp\/v2\/media\/10035"}],"wp:attachment":[{"href":"https:\/\/www.conselharan.org\/ca\/wp-json\/wp\/v2\/media?parent=10037"}],"wp:term":[{"taxonomy":"category","embeddable":true,"href":"https:\/\/www.conselharan.org\/ca\/wp-json\/wp\/v2\/categories?post=10037"},{"taxonomy":"post_tag","embeddable":true,"href":"https:\/\/www.conselharan.org\/ca\/wp-json\/wp\/v2\/tags?post=10037"}],"curies":[{"name":"wp","href":"https:\/\/api.w.org\/{rel}","templated":true}]}}