{"id":10047,"date":"2016-02-05T17:02:01","date_gmt":"2016-02-05T16:02:01","guid":{"rendered":"http:\/\/www.conselharan.org\/ca\/?p=10047"},"modified":"2016-02-11T11:43:07","modified_gmt":"2016-02-11T10:43:07","slug":"comenca-el-periode-de-convocatoria-dels-ajuts-europeus-leader-per-al-desenvolupament-rural","status":"publish","type":"post","link":"https:\/\/www.conselharan.org\/ca\/comenca-el-periode-de-convocatoria-dels-ajuts-europeus-leader-per-al-desenvolupament-rural\/","title":{"rendered":"Comen\u00e7a el per\u00edode de convocat\u00f2ria dels ajuts europeus LEADER per al desenvolupament rural"},"content":{"rendered":"<p><strong>Durant el termini de presentaci\u00f3 dels ajuts que finalitzar\u00e0 el proper 21 de mar\u00e7, les persones interessades es podr\u00e0n informar sobre els ajuts a la seu del Consell General d\u2019Aran tots els dijous de 9 a 14 hores.<\/strong><\/p>\n<p><strong>Aquest divendres 12 a les 11 hores reuni\u00f3 informativa a la mateixa seu del Conselh Generau d&#8217;Aran sobre la convocat\u00f2ria dels ajuts europeus LEADER.<\/strong><\/p>\n<p><strong>\u00a0<a href=\"http:\/\/www.conselharan.org\/wp-content\/uploads\/2016\/02\/leader.jpg\"><img loading=\"lazy\" decoding=\"async\" class=\"aligncenter size-full wp-image-10044\" src=\"http:\/\/www.conselharan.org\/wp-content\/uploads\/2016\/02\/leader.jpg\" alt=\"leader\" width=\"937\" height=\"445\" srcset=\"https:\/\/www.conselharan.org\/wp-content\/uploads\/2016\/02\/leader.jpg 937w, https:\/\/www.conselharan.org\/wp-content\/uploads\/2016\/02\/leader-300x142.jpg 300w\" sizes=\"(max-width: 937px) 100vw, 937px\" \/><\/a><\/strong><\/p>\n<p>&nbsp;<\/p>\n<p>Aquesta setmana el <strong>Conselh Generau d\u2019Aran<\/strong>, ha iniciat la convocat\u00f2ria per a la presentaci\u00f3 de projectes que es vulguin acollir als nous ajuts europeus LEADER 2016 , dels que<strong> per primer cop se\u2019n podr\u00e0n beneficiar tots els particulars de la de la Val d\u2019Aran interessats a impulsar un projecte empressarial generador d\u2019activitat econ\u00f2mica, aix\u00ed com els ajuntaments de la Val d\u2019Aran.<\/strong><\/p>\n<p>Va ser l\u2019any 2015 que el G\u00f2vern d\u2019Aran, va aconseguir materialitzar aquest fet llargament reivindicat per la Val d\u2019Aran, que ha de suposar un impuls important al desenvolupament econ\u00f2mic del territ\u00f2ri.<\/p>\n<p>El <strong>Departament d\u2019Agricultura, Ramaderia, Pesca i Alimentaci\u00f3<\/strong> (DARP) de la Generalitat de Catalunya, ha seleccionat 11 Grups d\u2019Acci\u00f3 Local (GAL) Leader, per a aplicar el desenvolupament local participatiu Leader en el marc del Programa de Desenvolupament Rural (PDR) de Catalunya 2014-2020.<\/p>\n<p>Un dels objectius principals dels GAL \u00e9s la dinamitzaci\u00f3 territorial i la divulgaci\u00f3 dels seus projectes m\u00e9s estrat\u00e8gics i bones pr\u00e0ctiques, conjuntament amb la gesti\u00f3 dels ajuts, que convoca anualment el DARP \u00a0per a fomentar la realitzaci\u00f3 d\u2019inversions que generin activitat econ\u00f2mica en les zones rurals i fomentin la creaci\u00f3 i\/o manteniment de llocs de treball, principalment de dones i de joves, en actuacions de millora dels <strong>processos de transformaci\u00f3 i comercialitzaci\u00f3 dels productes agraris, creaci\u00f3 i desenvolupament de microempreses, foment d\u2019activitats tur\u00edstiques, i conservaci\u00f3 i millora del patrimoni rural.<\/strong><\/p>\n ","protected":false},"excerpt":{"rendered":"<p>Durant el termini de presentaci\u00f3 dels ajuts que finalitzar\u00e0 el proper 21 de mar\u00e7, les persones interessades es podr\u00e0n informar sobre els ajuts a la seu del Consell General d\u2019Aran tots els dijous de 9 a 14 hores. Aquest divendres 12 a les 11 hores reuni\u00f3 informativa a la mateixa seu del Conselh Generau d&#8217;Aran&#8230;<\/p>\n","protected":false},"author":2,"featured_media":10045,"comment_status":"closed","ping_status":"closed","sticky":false,"template":"","format":"standard","meta":{"footnotes":""},"categories":[53],"tags":[],"_links":{"self":[{"href":"https:\/\/www.conselharan.org\/ca\/wp-json\/wp\/v2\/posts\/10047"}],"collection":[{"href":"https:\/\/www.conselharan.org\/ca\/wp-json\/wp\/v2\/posts"}],"about":[{"href":"https:\/\/www.conselharan.org\/ca\/wp-json\/wp\/v2\/types\/post"}],"author":[{"embeddable":true,"href":"https:\/\/www.conselharan.org\/ca\/wp-json\/wp\/v2\/users\/2"}],"replies":[{"embeddable":true,"href":"https:\/\/www.conselharan.org\/ca\/wp-json\/wp\/v2\/comments?post=10047"}],"version-history":[{"count":3,"href":"https:\/\/www.conselharan.org\/ca\/wp-json\/wp\/v2\/posts\/10047\/revisions"}],"predecessor-version":[{"id":10218,"href":"https:\/\/www.conselharan.org\/ca\/wp-json\/wp\/v2\/posts\/10047\/revisions\/10218"}],"wp:featuredmedia":[{"embeddable":true,"href":"https:\/\/www.conselharan.org\/ca\/wp-json\/wp\/v2\/media\/10045"}],"wp:attachment":[{"href":"https:\/\/www.conselharan.org\/ca\/wp-json\/wp\/v2\/media?parent=10047"}],"wp:term":[{"taxonomy":"category","embeddable":true,"href":"https:\/\/www.conselharan.org\/ca\/wp-json\/wp\/v2\/categories?post=10047"},{"taxonomy":"post_tag","embeddable":true,"href":"https:\/\/www.conselharan.org\/ca\/wp-json\/wp\/v2\/tags?post=10047"}],"curies":[{"name":"wp","href":"https:\/\/api.w.org\/{rel}","templated":true}]}}