{"id":10114,"date":"2016-02-07T20:41:32","date_gmt":"2016-02-07T19:41:32","guid":{"rendered":"http:\/\/www.conselharan.org\/ca\/?p=10114"},"modified":"2016-02-07T21:00:27","modified_gmt":"2016-02-07T20:00:27","slug":"imanol-rojo-es-proclama-campio-deuropa-de-maratons-desqui-de-fons-a-la-37ena-marxa-beret","status":"publish","type":"post","link":"https:\/\/www.conselharan.org\/ca\/imanol-rojo-es-proclama-campio-deuropa-de-maratons-desqui-de-fons-a-la-37ena-marxa-beret\/","title":{"rendered":"Imanol Rojo es proclama Campi\u00f3 d\u2019Europa de Maratons d\u2019Esqu\u00ed de Fons a la 37\u00e8na Marxa Beret"},"content":{"rendered":"<p>Vielha 7 de febrer de 2016.- \u00a0<strong>Imanol Rojo<\/strong> s\u2019ha proclamat <strong>Campi\u00f3 d\u2019Europa d\u2019Esqu\u00ed de Fons<\/strong> en la prova de llarga dist\u00e0ncia de 42km estil cl\u00e0ssic de la Marxa Beret 2016, amb un temps de 2h i 25\u2019, que s\u2019ha celebrat avui a Baqueira Beret.<\/p>\n<p>&nbsp;<\/p>\n<p><a href=\"http:\/\/www.conselharan.org\/wp-content\/uploads\/2016\/02\/20160207_GKMPH_0182.jpg\"><img loading=\"lazy\" decoding=\"async\" class=\"aligncenter size-large wp-image-10093\" src=\"http:\/\/www.conselharan.org\/wp-content\/uploads\/2016\/02\/20160207_GKMPH_0182-1024x683.jpg\" alt=\"20160207_GKMPH_0182\" width=\"1024\" height=\"683\" srcset=\"https:\/\/www.conselharan.org\/wp-content\/uploads\/2016\/02\/20160207_GKMPH_0182-1024x683.jpg 1024w, https:\/\/www.conselharan.org\/wp-content\/uploads\/2016\/02\/20160207_GKMPH_0182-300x200.jpg 300w, https:\/\/www.conselharan.org\/wp-content\/uploads\/2016\/02\/20160207_GKMPH_0182.jpg 1920w\" sizes=\"(max-width: 1024px) 100vw, 1024px\" \/><\/a><\/p>\n<p>Rojo, del equip d\u2019Esqu\u00ed de fons de la RFEDI, que resideix i s\u2019entrena a la Val d\u2019Aran, ja va guanyar ahir la prova de 30km skating, fet que li atorga el <strong>Campionat d\u2019Europa de Maratons d\u2019Esqu\u00ed incl\u00f2s en el calendari de la Federaci\u00f3 Internacional d\u2019Esqu\u00ed (FIS) del calendari Euroloppet (circuit europeu de marxes de llarga dist\u00e0ncia)<\/strong>, per haver aconseguit el c\u00f2mput dels dos millors temps de les dues proves de llarga dist\u00e0ncia, la prova de 30km i la de 42km.<\/p>\n<p><strong>1.200 fondistes<\/strong>, un 40% dels quals procedents dels pa\u00efsos n\u00f2rdics, Alemanya, \u00c0ustria, Holanda o It\u00e0lia, han participat avui en la 37\u00e8na edici\u00f3 de la Marxa Beret, que s\u2019ha celebrat amb la neu caiguda aquesta matinada a la Val d\u2019Aran i que ha acompanyat als fondistes durant tota la competici\u00f3.<\/p>\n<p><strong>La Marxa Beret, la prova degana de l\u2019esqu\u00ed de fons a Espanya, l\u2019organitza el Conselh Generau d\u2019Aran, Baqueira Beret i l\u2019Ajuntament de Naut Aran amb la col\u00b7laboraci\u00f3 de l\u2019Associaci\u00f3 de Volentaris Val d\u2019Aran, a m\u00e9s de la Real Federaci\u00f3n Espa\u00f1ola de Deportes de Invierno (RFEDI) i la Federaci\u00f3 Catalana d\u2019Esports d\u2019Hivern.<\/strong><\/p>\n<p>L\u2019entrega de trofeus als guanyadors i guanyadores ha anat a c\u00e0rrec de <strong>Gerard Figueras<\/strong>, secretari general de l\u2019esport de la Generalitat de Catalunya; <strong>Lu\u00eds Carlos Medina<\/strong>, vicesindic d\u2019Aran i director de la Marxa Beret; <strong>Aureli Bisbe<\/strong>, president de Baqueira Beret; <strong>Cesar Ru\u00edz Canela<\/strong>, alcalde de Naut Aran i <strong>Hannus Tikkannen<\/strong>, representant del circuit Euroloppet.<\/p>\n<p>&nbsp;<\/p>\n<p><strong>Resultats de la Marxa Beret en el dia d\u2019avui 7 de febrer de 2016.<\/strong><\/p>\n<p><strong>\u00a0<\/strong><\/p>\n<p><strong>Marxa Beret 10Km \u2013 Classificaci\u00f3 Femenina. <\/strong><\/p>\n<ul>\n<li>1- <strong>Maria Iglesies Bares.<\/strong><\/li>\n<li>2 \u2013 Maria Selles.<\/li>\n<li>3 \u2013 Alba Puigdefabregues.<\/li>\n<\/ul>\n<p>&nbsp;<\/p>\n<p><strong>Marxa Beret 10km \u2013 Classificaci\u00f3 Masculina.<\/strong><\/p>\n<p><strong>\u00a0<\/strong><\/p>\n<ul>\n<li>1 &#8211; <strong>Gral Selles.<\/strong><\/li>\n<li>2 \u2013 Francesc Colell.<\/li>\n<li>3 \u2013 Jaume Pueyo.<\/li>\n<\/ul>\n<p><strong>Marxa Beret 21Km \u2013 Classificaci\u00f3 Femenina.<\/strong><\/p>\n<ul>\n<li>1 \u2013 <strong>Marta Cester.<\/strong><\/li>\n<li>2 \u2013 Maialen L\u00f3pez.<\/li>\n<li>3 \u2013 Berta P\u00e9rez.<\/li>\n<\/ul>\n<p>&nbsp;<\/p>\n<p><strong>Marxa Beret 21Km \u2013 Classificaci\u00f3 Masculina.<\/strong><\/p>\n<ul>\n<li>1 \u2013 <strong>Pol Vidal.<\/strong><\/li>\n<li>2 \u2013 Oscar Jorba.<\/li>\n<li>3 \u2013 Sergi Brau.<\/li>\n<\/ul>\n<p>&nbsp;<\/p>\n<p><strong>Marxa Beret 42Km \u2013 Classificaci\u00f3 Femenina.<\/strong><\/p>\n<ul>\n<li>1- <strong>Marielle Bigot.<\/strong><\/li>\n<li>2 \u2013 Beatr\u00edz Blanes.<\/li>\n<li>3 \u2013 Mart\u00edna Carmona.<\/li>\n<li>4 \u2013 Tatiana Larionova.(Campiona d\u2019Europa del circuit Euroloppet).<\/li>\n<li>5 &#8211; Cynthia Mart\u00ednez.<\/li>\n<\/ul>\n<p>&nbsp;<\/p>\n<p><strong>Marxa Beret 42Km \u2013 Classificaci\u00f3 Masculina. <\/strong><\/p>\n<p>1- <strong>Imanol Rojo.<\/strong><\/p>\n<p>2- Diego Ru\u00edz.<\/p>\n<p>3- Rub\u00e9n Caseny.<\/p>\n<p>4- Carlos Lannes.<\/p>\n<p>5- Ioseba Rojo.<\/p>\n<p>&nbsp;<\/p>\n<p><a href=\"http:\/\/www.conselharan.org\/wp-content\/uploads\/2016\/02\/20160207_GKMPH_0668.jpg\"><img loading=\"lazy\" decoding=\"async\" class=\"aligncenter size-large wp-image-10080\" src=\"http:\/\/www.conselharan.org\/wp-content\/uploads\/2016\/02\/20160207_GKMPH_0668-1024x683.jpg\" alt=\"20160207_GKMPH_0668\" width=\"1024\" height=\"683\" srcset=\"https:\/\/www.conselharan.org\/wp-content\/uploads\/2016\/02\/20160207_GKMPH_0668-1024x683.jpg 1024w, https:\/\/www.conselharan.org\/wp-content\/uploads\/2016\/02\/20160207_GKMPH_0668-300x200.jpg 300w\" sizes=\"(max-width: 1024px) 100vw, 1024px\" \/><\/a><\/p>\n<p>&nbsp;<\/p>\n<p>&nbsp;<\/p>\n<p>&nbsp;<\/p>\n ","protected":false},"excerpt":{"rendered":"<p>Vielha 7 de febrer de 2016.- \u00a0Imanol Rojo s\u2019ha proclamat Campi\u00f3 d\u2019Europa d\u2019Esqu\u00ed de Fons en la prova de llarga dist\u00e0ncia de 42km estil cl\u00e0ssic de la Marxa Beret 2016, amb un temps de 2h i 25\u2019, que s\u2019ha celebrat avui a Baqueira Beret. &nbsp; Rojo, del equip d\u2019Esqu\u00ed de fons de la RFEDI, que&#8230;<\/p>\n","protected":false},"author":2,"featured_media":10093,"comment_status":"closed","ping_status":"closed","sticky":false,"template":"","format":"standard","meta":{"footnotes":""},"categories":[53,36],"tags":[],"_links":{"self":[{"href":"https:\/\/www.conselharan.org\/ca\/wp-json\/wp\/v2\/posts\/10114"}],"collection":[{"href":"https:\/\/www.conselharan.org\/ca\/wp-json\/wp\/v2\/posts"}],"about":[{"href":"https:\/\/www.conselharan.org\/ca\/wp-json\/wp\/v2\/types\/post"}],"author":[{"embeddable":true,"href":"https:\/\/www.conselharan.org\/ca\/wp-json\/wp\/v2\/users\/2"}],"replies":[{"embeddable":true,"href":"https:\/\/www.conselharan.org\/ca\/wp-json\/wp\/v2\/comments?post=10114"}],"version-history":[{"count":2,"href":"https:\/\/www.conselharan.org\/ca\/wp-json\/wp\/v2\/posts\/10114\/revisions"}],"predecessor-version":[{"id":10120,"href":"https:\/\/www.conselharan.org\/ca\/wp-json\/wp\/v2\/posts\/10114\/revisions\/10120"}],"wp:featuredmedia":[{"embeddable":true,"href":"https:\/\/www.conselharan.org\/ca\/wp-json\/wp\/v2\/media\/10093"}],"wp:attachment":[{"href":"https:\/\/www.conselharan.org\/ca\/wp-json\/wp\/v2\/media?parent=10114"}],"wp:term":[{"taxonomy":"category","embeddable":true,"href":"https:\/\/www.conselharan.org\/ca\/wp-json\/wp\/v2\/categories?post=10114"},{"taxonomy":"post_tag","embeddable":true,"href":"https:\/\/www.conselharan.org\/ca\/wp-json\/wp\/v2\/tags?post=10114"}],"curies":[{"name":"wp","href":"https:\/\/api.w.org\/{rel}","templated":true}]}}