{"id":10180,"date":"2016-02-10T08:02:44","date_gmt":"2016-02-10T07:02:44","guid":{"rendered":"http:\/\/www.conselharan.org\/ca\/estat-des-carreteres-ena-val-daran\/"},"modified":"2016-02-10T17:12:34","modified_gmt":"2016-02-10T16:12:34","slug":"estat-des-carreteres-ena-val-daran","status":"publish","type":"post","link":"https:\/\/www.conselharan.org\/ca\/estat-des-carreteres-ena-val-daran\/","title":{"rendered":"ESTAT DES CARRET\u00c8RES ENA VAL D&#8217;ARAN"},"content":{"rendered":"<p><a href=\"http:\/\/www.conselharan.org\/wp-content\/uploads\/2016\/02\/cadees.png\"><img loading=\"lazy\" decoding=\"async\" class=\"aligncenter size-full wp-image-10177\" src=\"http:\/\/www.conselharan.org\/wp-content\/uploads\/2016\/02\/cadees.png\" alt=\"cadees\" width=\"720\" height=\"720\" srcset=\"https:\/\/www.conselharan.org\/wp-content\/uploads\/2016\/02\/cadees.png 720w, https:\/\/www.conselharan.org\/wp-content\/uploads\/2016\/02\/cadees-150x150.png 150w, https:\/\/www.conselharan.org\/wp-content\/uploads\/2016\/02\/cadees-300x300.png 300w, https:\/\/www.conselharan.org\/wp-content\/uploads\/2016\/02\/cadees-270x270.png 270w, https:\/\/www.conselharan.org\/wp-content\/uploads\/2016\/02\/cadees-207x207.png 207w, https:\/\/www.conselharan.org\/wp-content\/uploads\/2016\/02\/cadees-75x75.png 75w\" sizes=\"(max-width: 720px) 100vw, 720px\" \/><\/a><\/p>\n<p>&nbsp;<\/p>\n<p>Ei de besonh er usatge de cadees:<\/p>\n<p>&nbsp;<\/p>\n<ul>\n<li>Ena carret\u00e8ra\u00a0C-28, en punt Km 46,630 &#8211; 56,700, deth Cap deth P\u00f2rt enqui\u00e0 Casa Sastrada (Els Avets)- PORT BONAIGUA.<\/li>\n<\/ul>\n<p>&nbsp;<\/p>\n<p>Actuauments est\u00e0 nheuant.<\/p>\n<p>&nbsp;<\/p>\n<p>&nbsp;<\/p>\n<p>&nbsp;<\/p>\n<p>Vielha, 10 de hereu\u00e8r de 2016<\/p>\n<p>&nbsp;<\/p>\n<p>&nbsp;<\/p>\n<p>Informacion facilitada per : Sorigu\u00e9<\/p>\n<p>Conselh Generau d&#8217;Aran: N\u00faria Sanjuan<\/p>\n ","protected":false},"excerpt":{"rendered":"<p>&nbsp; Ei de besonh er usatge de cadees: &nbsp; Ena carret\u00e8ra\u00a0C-28, en punt Km 46,630 &#8211; 56,700, deth Cap deth P\u00f2rt enqui\u00e0 Casa Sastrada (Els Avets)- PORT BONAIGUA. &nbsp; Actuauments est\u00e0 nheuant. &nbsp; &nbsp; &nbsp; Vielha, 10 de hereu\u00e8r de 2016 &nbsp; &nbsp; Informacion facilitada per : Sorigu\u00e9 Conselh Generau d&#8217;Aran: N\u00faria Sanjuan<\/p>\n","protected":false},"author":2,"featured_media":10182,"comment_status":"closed","ping_status":"closed","sticky":false,"template":"","format":"standard","meta":{"footnotes":""},"categories":[33],"tags":[],"_links":{"self":[{"href":"https:\/\/www.conselharan.org\/ca\/wp-json\/wp\/v2\/posts\/10180"}],"collection":[{"href":"https:\/\/www.conselharan.org\/ca\/wp-json\/wp\/v2\/posts"}],"about":[{"href":"https:\/\/www.conselharan.org\/ca\/wp-json\/wp\/v2\/types\/post"}],"author":[{"embeddable":true,"href":"https:\/\/www.conselharan.org\/ca\/wp-json\/wp\/v2\/users\/2"}],"replies":[{"embeddable":true,"href":"https:\/\/www.conselharan.org\/ca\/wp-json\/wp\/v2\/comments?post=10180"}],"version-history":[{"count":1,"href":"https:\/\/www.conselharan.org\/ca\/wp-json\/wp\/v2\/posts\/10180\/revisions"}],"predecessor-version":[{"id":10192,"href":"https:\/\/www.conselharan.org\/ca\/wp-json\/wp\/v2\/posts\/10180\/revisions\/10192"}],"wp:featuredmedia":[{"embeddable":true,"href":"https:\/\/www.conselharan.org\/ca\/wp-json\/wp\/v2\/media\/10182"}],"wp:attachment":[{"href":"https:\/\/www.conselharan.org\/ca\/wp-json\/wp\/v2\/media?parent=10180"}],"wp:term":[{"taxonomy":"category","embeddable":true,"href":"https:\/\/www.conselharan.org\/ca\/wp-json\/wp\/v2\/categories?post=10180"},{"taxonomy":"post_tag","embeddable":true,"href":"https:\/\/www.conselharan.org\/ca\/wp-json\/wp\/v2\/tags?post=10180"}],"curies":[{"name":"wp","href":"https:\/\/api.w.org\/{rel}","templated":true}]}}