{"id":10187,"date":"2016-02-10T15:04:58","date_gmt":"2016-02-10T14:04:58","guid":{"rendered":"http:\/\/www.conselharan.org\/ca\/?p=10187"},"modified":"2016-02-10T15:08:24","modified_gmt":"2016-02-10T14:08:24","slug":"ii-edicio-del-programa-start-dmc-tourism","status":"publish","type":"post","link":"https:\/\/www.conselharan.org\/ca\/ii-edicio-del-programa-start-dmc-tourism\/","title":{"rendered":"II Edici\u00f3 del Programa \u201cStart- DMC Tourism\u201d"},"content":{"rendered":"<p><strong>\u2022 El projecte pret\u00e9n estimular la creaci\u00f3 i consolidaci\u00f3 de DMC\u2019s (Destination Management Companies) a Catalunya.<\/strong><\/p>\n<p><a href=\"http:\/\/www.conselharan.org\/wp-content\/uploads\/2016\/02\/gear-1015715_960_720.jpg\"><img loading=\"lazy\" decoding=\"async\" class=\"aligncenter size-full wp-image-10185\" src=\"http:\/\/www.conselharan.org\/wp-content\/uploads\/2016\/02\/gear-1015715_960_720.jpg\" alt=\"gear-1015715_960_720\" width=\"720\" height=\"720\" srcset=\"https:\/\/www.conselharan.org\/wp-content\/uploads\/2016\/02\/gear-1015715_960_720.jpg 720w, https:\/\/www.conselharan.org\/wp-content\/uploads\/2016\/02\/gear-1015715_960_720-150x150.jpg 150w, https:\/\/www.conselharan.org\/wp-content\/uploads\/2016\/02\/gear-1015715_960_720-300x300.jpg 300w, https:\/\/www.conselharan.org\/wp-content\/uploads\/2016\/02\/gear-1015715_960_720-270x270.jpg 270w, https:\/\/www.conselharan.org\/wp-content\/uploads\/2016\/02\/gear-1015715_960_720-207x207.jpg 207w, https:\/\/www.conselharan.org\/wp-content\/uploads\/2016\/02\/gear-1015715_960_720-75x75.jpg 75w\" sizes=\"(max-width: 720px) 100vw, 720px\" \/><\/a><\/p>\n<p>Des de la Direcci\u00f3 General de Turisme, a trav\u00e9s de l\u2019Ag\u00e8ncia Catalana de Turisme i Catalunya Empr\u00e8n, s\u2019ha impulsat la II Edici\u00f3 del Programa \u201cStart-DMC Tourism\u201d.<\/p>\n<p>El projecte pret\u00e9n estimular la creaci\u00f3 i consolidaci\u00f3 de<strong> DMC\u2019s (Destination Management Companies)<\/strong> a Catalunya, amb l\u2019objectiu d\u2019incrementar l\u2019oferta de productes tur\u00edstics experiencials i la seva comercialitzaci\u00f3.<\/p>\n<p>Satisfets amb els resultats de la primera edici\u00f3, des de la Direcci\u00f3 General de Turisme seguiran donant suport a l\u2019emprenedoria en la creaci\u00f3 de producte tur\u00edstic innovador i experiencial, i si b\u00e9 l\u2019any passat van ser 10 els projectes seleccionats, aquest 2016 seran 12 les iniciatives que podran incorporar-se gratu\u00eftament al Pla Embarca de Start-Up Catalonia.<\/p>\n<p>Durant els 8 mesos que dura el programa, les empreses seleccionades comptaran amb un tutor que els acompanyar\u00e0 en el proc\u00e9s, seguiran un programa de formaci\u00f3 pr\u00e0ctic per millorar la seva capacitat de gesti\u00f3 i obtindran diferents contactes que els podran orientar en la seva estrat\u00e8gia de creixement.<\/p>\n<p>No dubtis en participar si:<\/p>\n<p>\u2022 Tens un projecte en l\u00b4\u00e0mbit del disseny i la comercialitzaci\u00f3 d\u2019experi\u00e8ncies tur\u00edstiques diferents que posin en valor els recursos tur\u00edstics del territori del nostre pa\u00eds.<br \/>\n\u2022 Vols reorientar la teva activitat cap a un entorn de gesti\u00f3 d\u2019experi\u00e8ncies tur\u00edstiques innovadores<br \/>\n\u2022 La teva empresa t\u00e9 cinc anys de vida com a m\u00e0xim<\/p>\n<p>\u2022 Tens com a m\u00ednim una persona dedicada a temps complert al projecte<\/p>\n<p>Trobar\u00e0s tota la informaci\u00f3 (criteris de valoraci\u00f3, prestacions del programa, sol\u2022licitud de participaci\u00f3, contingut m\u00ednim del projecte, calendari) en el seg\u00fcent enlla\u00e7: <a href=\"http:\/\/act.gencat.cat\/start-dmc\" target=\"_blank\">http:\/\/act.gencat.cat\/start-dmc<\/a>.<\/p>\n<p>Per a qualsevol dubte o aclariment, no dubtis a consultar-nos a trav\u00e9s del correu electr\u00f2nic <a href=\"mailto:startdmctourism@gencat.cat\" target=\"_blank\">startdmctourism@gencat.cat<\/a>.<\/p>\n<p>&nbsp;<\/p>\n<p>&nbsp;<\/p>\n<p>Vielha, 10 de febrer de 2016<\/p>\n<p>&nbsp;<\/p>\n<p>&nbsp;<\/p>\n<p><em>Conselh Generau d&#8217;Aran: N\u00faria Sanjuan<\/em><\/p>\n ","protected":false},"excerpt":{"rendered":"<p>\u2022 El projecte pret\u00e9n estimular la creaci\u00f3 i consolidaci\u00f3 de DMC\u2019s (Destination Management Companies) a Catalunya. Des de la Direcci\u00f3 General de Turisme, a trav\u00e9s de l\u2019Ag\u00e8ncia Catalana de Turisme i Catalunya Empr\u00e8n, s\u2019ha impulsat la II Edici\u00f3 del Programa \u201cStart-DMC Tourism\u201d. El projecte pret\u00e9n estimular la creaci\u00f3 i consolidaci\u00f3 de DMC\u2019s (Destination Management Companies)&#8230;<\/p>\n","protected":false},"author":2,"featured_media":10185,"comment_status":"closed","ping_status":"closed","sticky":false,"template":"","format":"standard","meta":{"footnotes":""},"categories":[33],"tags":[],"_links":{"self":[{"href":"https:\/\/www.conselharan.org\/ca\/wp-json\/wp\/v2\/posts\/10187"}],"collection":[{"href":"https:\/\/www.conselharan.org\/ca\/wp-json\/wp\/v2\/posts"}],"about":[{"href":"https:\/\/www.conselharan.org\/ca\/wp-json\/wp\/v2\/types\/post"}],"author":[{"embeddable":true,"href":"https:\/\/www.conselharan.org\/ca\/wp-json\/wp\/v2\/users\/2"}],"replies":[{"embeddable":true,"href":"https:\/\/www.conselharan.org\/ca\/wp-json\/wp\/v2\/comments?post=10187"}],"version-history":[{"count":2,"href":"https:\/\/www.conselharan.org\/ca\/wp-json\/wp\/v2\/posts\/10187\/revisions"}],"predecessor-version":[{"id":10191,"href":"https:\/\/www.conselharan.org\/ca\/wp-json\/wp\/v2\/posts\/10187\/revisions\/10191"}],"wp:featuredmedia":[{"embeddable":true,"href":"https:\/\/www.conselharan.org\/ca\/wp-json\/wp\/v2\/media\/10185"}],"wp:attachment":[{"href":"https:\/\/www.conselharan.org\/ca\/wp-json\/wp\/v2\/media?parent=10187"}],"wp:term":[{"taxonomy":"category","embeddable":true,"href":"https:\/\/www.conselharan.org\/ca\/wp-json\/wp\/v2\/categories?post=10187"},{"taxonomy":"post_tag","embeddable":true,"href":"https:\/\/www.conselharan.org\/ca\/wp-json\/wp\/v2\/tags?post=10187"}],"curies":[{"name":"wp","href":"https:\/\/api.w.org\/{rel}","templated":true}]}}