{"id":10199,"date":"2016-02-10T20:11:21","date_gmt":"2016-02-10T19:11:21","guid":{"rendered":"http:\/\/www.conselharan.org\/ca\/?p=10199"},"modified":"2016-02-10T20:11:21","modified_gmt":"2016-02-10T19:11:21","slug":"la-val-daran-participa-un-any-mes-al-imtm-de-tel-aviv","status":"publish","type":"post","link":"https:\/\/www.conselharan.org\/ca\/la-val-daran-participa-un-any-mes-al-imtm-de-tel-aviv\/","title":{"rendered":"La Val d\u2019Aran participa un any m\u00e9s al IMTM de Tel Aviv"},"content":{"rendered":"<p>Vielha 10 de febrer de 2016.- Un any m\u00e9s i ja en son vuit de consecutius, <strong>Torisme Val d\u2019Aran<\/strong> ha estat present al <strong>IMTM (International Mediterranean Tourism Market) de Tel Aviv a Israe<\/strong>l, que enguany ha celebrat la 22\u00e8na edici\u00f3.<\/p>\n<p>La pres\u00e8ncia de la Val d\u2019Aran, dins l\u2019stand de Catalunya sota la marca Pirineus, ha servit un cop m\u00e9s per fer promoci\u00f3 directa de l\u2019oferta tur\u00edstica d\u2019estiu de la Val d\u2019Aran, que despr\u00e8s de tots aquests anys ja \u00e9s plenament consolidada entre els turistes israelians que cada estiu ens visiten.<\/p>\n<p><a href=\"http:\/\/www.conselharan.org\/wp-content\/uploads\/2016\/02\/TEL-AVIV-1.jpg\"><img loading=\"lazy\" decoding=\"async\" class=\"aligncenter size-full wp-image-10195\" src=\"http:\/\/www.conselharan.org\/wp-content\/uploads\/2016\/02\/TEL-AVIV-1.jpg\" alt=\"TEL AVIV 1\" width=\"640\" height=\"480\" srcset=\"https:\/\/www.conselharan.org\/wp-content\/uploads\/2016\/02\/TEL-AVIV-1.jpg 640w, https:\/\/www.conselharan.org\/wp-content\/uploads\/2016\/02\/TEL-AVIV-1-300x225.jpg 300w\" sizes=\"(max-width: 640px) 100vw, 640px\" \/><\/a><\/p>\n<p>L\u2019objectiu d\u2019aquest any, segons la conselh\u00e8ra de Turisme i Desenvolupament Econ\u00f2mic del Conselh Generau d\u2019Aran, <strong>Anna D\u00edaz<\/strong>, \u00e9s que <strong>\u201c un cop aconseguit que els turistes d\u2019aquesta zona de la mediterranea ens visitin a l\u2019estiu, ara cal aconseguir que coneguin tamb\u00e9 tot el que pot oferir los la Val d\u2019Aran al hivern, que \u00e9s molt i molt divers. Per aix\u00f2 enguany en la visita organitzada per Torisme Val d\u2019Aran hem volgut que hi participi tamb\u00e9 Baqueira Beret, ja que aix\u00ed els operadors israelians podran con\u00e8ixer de primera m\u00e0 l\u2019oferta hivernal de la Val d\u2019Aran en el seu conjunt\u201d.<\/strong><\/p>\n<p>Els responsables de Baqueira Beret i de Torisme Val d\u2019Aran, a m\u00e9s del contacte directe amb el client mitjan\u00e7ant el mostrador i de les trobades personalitzades amb els operadors, han mantingut contacte amb diversos periodistes de mitjans de comunicaci\u00f3 israelians perqu\u00e8 tinguin informaci\u00f3 de la Val d\u2019Aran i la puguin transmetre en els seus mitjans.<\/p>\n<p>Durant l\u2019estada al IMTM, Anna D\u00edaz i <strong>Xavier Ubeira<\/strong>, director comercial de Baqueira Beret, van participar a l\u2019acte de presentaci\u00f3 de Catalunya a la fira organitzat per Tourspain, que va comptar amb l\u2019assist\u00e8ncia del ambaixador d\u2019Espanya a Tel Aviv, <strong>Fernando Carderera Soler.<\/strong><\/p>\n<p>&nbsp;<\/p>\n<p><a href=\"http:\/\/www.conselharan.org\/wp-content\/uploads\/2016\/02\/TEL-AVIV-2.jpg\"><img loading=\"lazy\" decoding=\"async\" class=\"aligncenter size-full wp-image-10196\" src=\"http:\/\/www.conselharan.org\/wp-content\/uploads\/2016\/02\/TEL-AVIV-2.jpg\" alt=\"TEL AVIV 2\" width=\"640\" height=\"480\" srcset=\"https:\/\/www.conselharan.org\/wp-content\/uploads\/2016\/02\/TEL-AVIV-2.jpg 640w, https:\/\/www.conselharan.org\/wp-content\/uploads\/2016\/02\/TEL-AVIV-2-300x225.jpg 300w\" sizes=\"(max-width: 640px) 100vw, 640px\" \/><\/a><\/p>\n ","protected":false},"excerpt":{"rendered":"<p>Vielha 10 de febrer de 2016.- Un any m\u00e9s i ja en son vuit de consecutius, Torisme Val d\u2019Aran ha estat present al IMTM (International Mediterranean Tourism Market) de Tel Aviv a Israel, que enguany ha celebrat la 22\u00e8na edici\u00f3. La pres\u00e8ncia de la Val d\u2019Aran, dins l\u2019stand de Catalunya sota la marca Pirineus, ha&#8230;<\/p>\n","protected":false},"author":2,"featured_media":10195,"comment_status":"closed","ping_status":"closed","sticky":false,"template":"","format":"standard","meta":{"footnotes":""},"categories":[53],"tags":[],"_links":{"self":[{"href":"https:\/\/www.conselharan.org\/ca\/wp-json\/wp\/v2\/posts\/10199"}],"collection":[{"href":"https:\/\/www.conselharan.org\/ca\/wp-json\/wp\/v2\/posts"}],"about":[{"href":"https:\/\/www.conselharan.org\/ca\/wp-json\/wp\/v2\/types\/post"}],"author":[{"embeddable":true,"href":"https:\/\/www.conselharan.org\/ca\/wp-json\/wp\/v2\/users\/2"}],"replies":[{"embeddable":true,"href":"https:\/\/www.conselharan.org\/ca\/wp-json\/wp\/v2\/comments?post=10199"}],"version-history":[{"count":1,"href":"https:\/\/www.conselharan.org\/ca\/wp-json\/wp\/v2\/posts\/10199\/revisions"}],"predecessor-version":[{"id":10200,"href":"https:\/\/www.conselharan.org\/ca\/wp-json\/wp\/v2\/posts\/10199\/revisions\/10200"}],"wp:featuredmedia":[{"embeddable":true,"href":"https:\/\/www.conselharan.org\/ca\/wp-json\/wp\/v2\/media\/10195"}],"wp:attachment":[{"href":"https:\/\/www.conselharan.org\/ca\/wp-json\/wp\/v2\/media?parent=10199"}],"wp:term":[{"taxonomy":"category","embeddable":true,"href":"https:\/\/www.conselharan.org\/ca\/wp-json\/wp\/v2\/categories?post=10199"},{"taxonomy":"post_tag","embeddable":true,"href":"https:\/\/www.conselharan.org\/ca\/wp-json\/wp\/v2\/tags?post=10199"}],"curies":[{"name":"wp","href":"https:\/\/api.w.org\/{rel}","templated":true}]}}