{"id":10222,"date":"2016-02-11T15:18:58","date_gmt":"2016-02-11T14:18:58","guid":{"rendered":"http:\/\/www.conselharan.org\/ca\/?p=10222"},"modified":"2016-02-11T15:19:15","modified_gmt":"2016-02-11T14:19:15","slug":"oberta-la-inscripcio-per-a-les-proves-dacces-a-esports-dhivern","status":"publish","type":"post","link":"https:\/\/www.conselharan.org\/ca\/oberta-la-inscripcio-per-a-les-proves-dacces-a-esports-dhivern\/","title":{"rendered":"Oberta la inscripci\u00f3 per a les proves d\u2019acc\u00e9s a Esports d\u2019Hivern"},"content":{"rendered":"<p><strong>L&#8217;Escola de T\u00e8cnics Esportius de la Val d\u2019Aran (ETEVA) obre el termini d&#8217;inscripci\u00f3 fins al 4 de mar\u00e7.<\/strong><\/p>\n<p><strong>L&#8217;ETEVA organitza un curs de preparaci\u00f3 a les proves d&#8217;acc\u00e9s.<\/strong><\/p>\n<p>&nbsp;<\/p>\n<p><a href=\"http:\/\/www.conselharan.org\/wp-content\/uploads\/2016\/02\/ETEVA.jpg\"><img loading=\"lazy\" decoding=\"async\" class=\"aligncenter size-large wp-image-10220\" src=\"http:\/\/www.conselharan.org\/wp-content\/uploads\/2016\/02\/ETEVA-1024x768.jpg\" alt=\"ETEVA\" width=\"1024\" height=\"768\" srcset=\"https:\/\/www.conselharan.org\/wp-content\/uploads\/2016\/02\/ETEVA-1024x768.jpg 1024w, https:\/\/www.conselharan.org\/wp-content\/uploads\/2016\/02\/ETEVA-300x225.jpg 300w\" sizes=\"(max-width: 1024px) 100vw, 1024px\" \/><\/a><\/p>\n<p>&nbsp;<\/p>\n<p>El Conselh Generau d\u2019Aran, a trav\u00e9s de l&#8217;Esc\u00f2la de Tecnics Esportius Val d\u2019Aran (ETEVA), realitza les seg\u00fcents proves d&#8217;acc\u00e9s als esports d&#8217;hivern:<\/p>\n<p>&#8211; Esqu\u00ed alp\u00ed<\/p>\n<p>&#8211; Snowboard<\/p>\n<p>&#8211; Esqu\u00ed de fons (per convocar l&#8217;especialitat d&#8217;esqu\u00ed de fons, es requereix un m\u00ednim de cinc participants per poder realitzar-les. En cas de no arribar al m\u00ednim es retornar\u00e0 la taxa d&#8217;inscripci\u00f3)<\/p>\n<p>Si les condicions meteorol\u00f2giques ho permeten, <strong>la prova es realitzar\u00e0 el 15 de mar\u00e7.<\/strong><\/p>\n<p><strong>*El termini d&#8217;inscripci\u00f3 fins al 4 de mar\u00e7. Publicaci\u00f3 de llistats provisionals d&#8217;admesos el dia 7 de mar\u00e7.<\/strong><\/p>\n<p>&nbsp;<\/p>\n<p><em><strong>Inscripci\u00f3 a la prova:<\/strong><\/em><\/p>\n<p>La inscripci\u00f3 a la prova es podr\u00e0 realitzar i presentar en:<\/p>\n<p>ETEVA- Esc\u00f2la de Tecnics Esportius Val d\u2019Aran<br \/>\nCtra. Vielha s\/n<br \/>\n25598 SALARD\u00da<br \/>\nTel. 973-644595 Fax. 973-644588<br \/>\n<a href=\"http:\/\/www.eteva.org\" target=\"_blank\">www.eteva.org<\/a> \u00f2 <a href=\"mailto:informacion@eteva.org\" target=\"_blank\">informacion@eteva.org<\/a><\/p>\n<p>Els impresos d&#8217;inscripci\u00f3 estan disponibles al centre i a la p\u00e0gina web: <a href=\"http:\/\/www.eteva.org\/noticias\/172\/\" target=\"_blank\">http:\/\/www.eteva.org\/noticias\/172\/<\/a>.<\/p>\n<p>&nbsp;<\/p>\n<p><em><strong>Acte de presentaci\u00f3 de la prova:<\/strong><\/em><\/p>\n<p>\u00c9s obligat\u00f2ria l&#8217;assist\u00e8ncia amb l&#8217;original del DNI o passaport, per recollir els dorsals i rebre totes les instruccions.<\/p>\n<p><strong>*L&#8217;acte es far\u00e0 a la Sala d&#8217;Actes de l&#8217;ETEVA, a les 19:00 hores, el dia 14 de mar\u00e7.<\/strong><\/p>\n<p>&nbsp;<\/p>\n<p><em><strong>Curs de preparaci\u00f3 a les proves d&#8217;acc\u00e9s<\/strong><\/em><\/p>\n<p>L&#8217;ETEVA organitza un curs de preparaci\u00f3 a les proves d&#8217;acc\u00e9s amb els objectius seg\u00fcents:<\/p>\n<p>&#8211; Con\u00e8ixer les proves d&#8217;acc\u00e9s i situar-se en el nivell real de cadascun.<\/p>\n<p>-Millorar la t\u00e8cnica personal en les habilitats concretes que s&#8217;avaluen en les proves d&#8217;acc\u00e9s.<\/p>\n<p>*<strong>El curs es realitzar\u00e0 durant els dies 27, 28 de febrer, 5, 6, 12 i 13 de mar\u00e7, de 14:00 a 16:30 hores.<\/strong><\/p>\n<p>Es pot fer la inscripci\u00f3 mitjan\u00e7ant el formulari en:<br \/>\n<a href=\"http:\/\/www.eteva.org\/noticias\/173\/\" target=\"_blank\">http:\/\/www.eteva.org\/noticias\/173\/<\/a>.<\/p>\n<p>Les places s\u00f3n limitades i s&#8217;adjudiquen per ordre d&#8217;inscripci\u00f3.<\/p>\n<p>&nbsp;<\/p>\n<p>&nbsp;<\/p>\n<p>Vielha, 11 de febrer de 2016<\/p>\n<p>&nbsp;<\/p>\n<p><em>Conselh Generau d&#8217;Aran: N\u00faria Sanjuan<\/em><\/p>\n ","protected":false},"excerpt":{"rendered":"<p>L&#8217;Escola de T\u00e8cnics Esportius de la Val d\u2019Aran (ETEVA) obre el termini d&#8217;inscripci\u00f3 fins al 4 de mar\u00e7. L&#8217;ETEVA organitza un curs de preparaci\u00f3 a les proves d&#8217;acc\u00e9s. &nbsp; &nbsp; El Conselh Generau d\u2019Aran, a trav\u00e9s de l&#8217;Esc\u00f2la de Tecnics Esportius Val d\u2019Aran (ETEVA), realitza les seg\u00fcents proves d&#8217;acc\u00e9s als esports d&#8217;hivern: &#8211; Esqu\u00ed alp\u00ed&#8230;<\/p>\n","protected":false},"author":2,"featured_media":10220,"comment_status":"closed","ping_status":"closed","sticky":false,"template":"","format":"standard","meta":{"footnotes":""},"categories":[33],"tags":[],"_links":{"self":[{"href":"https:\/\/www.conselharan.org\/ca\/wp-json\/wp\/v2\/posts\/10222"}],"collection":[{"href":"https:\/\/www.conselharan.org\/ca\/wp-json\/wp\/v2\/posts"}],"about":[{"href":"https:\/\/www.conselharan.org\/ca\/wp-json\/wp\/v2\/types\/post"}],"author":[{"embeddable":true,"href":"https:\/\/www.conselharan.org\/ca\/wp-json\/wp\/v2\/users\/2"}],"replies":[{"embeddable":true,"href":"https:\/\/www.conselharan.org\/ca\/wp-json\/wp\/v2\/comments?post=10222"}],"version-history":[{"count":1,"href":"https:\/\/www.conselharan.org\/ca\/wp-json\/wp\/v2\/posts\/10222\/revisions"}],"predecessor-version":[{"id":10223,"href":"https:\/\/www.conselharan.org\/ca\/wp-json\/wp\/v2\/posts\/10222\/revisions\/10223"}],"wp:featuredmedia":[{"embeddable":true,"href":"https:\/\/www.conselharan.org\/ca\/wp-json\/wp\/v2\/media\/10220"}],"wp:attachment":[{"href":"https:\/\/www.conselharan.org\/ca\/wp-json\/wp\/v2\/media?parent=10222"}],"wp:term":[{"taxonomy":"category","embeddable":true,"href":"https:\/\/www.conselharan.org\/ca\/wp-json\/wp\/v2\/categories?post=10222"},{"taxonomy":"post_tag","embeddable":true,"href":"https:\/\/www.conselharan.org\/ca\/wp-json\/wp\/v2\/tags?post=10222"}],"curies":[{"name":"wp","href":"https:\/\/api.w.org\/{rel}","templated":true}]}}