{"id":10229,"date":"2016-02-12T09:20:47","date_gmt":"2016-02-12T08:20:47","guid":{"rendered":"http:\/\/www.conselharan.org\/ca\/estat-des-carreteres-ena-val-daran-2\/"},"modified":"2016-02-12T11:22:28","modified_gmt":"2016-02-12T10:22:28","slug":"estat-des-carreteres-ena-val-daran-2","status":"publish","type":"post","link":"https:\/\/www.conselharan.org\/ca\/estat-des-carreteres-ena-val-daran-2\/","title":{"rendered":"Estat de les carreteres a la Val d&#8217;Aran"},"content":{"rendered":"<p><a href=\"http:\/\/www.conselharan.org\/wp-content\/uploads\/2016\/02\/ctra.jpg\"><img loading=\"lazy\" decoding=\"async\" class=\"aligncenter size-full wp-image-10182\" src=\"http:\/\/www.conselharan.org\/wp-content\/uploads\/2016\/02\/ctra.jpg\" alt=\"ctra\" width=\"960\" height=\"644\" srcset=\"https:\/\/www.conselharan.org\/wp-content\/uploads\/2016\/02\/ctra.jpg 960w, https:\/\/www.conselharan.org\/wp-content\/uploads\/2016\/02\/ctra-300x201.jpg 300w\" sizes=\"(max-width: 960px) 100vw, 960px\" \/><\/a><\/p>\n<p>&nbsp;<\/p>\n<p><strong>Actualment ja no fa falta l&#8217;\u00fas de cadenes a cap carretera de la Val d&#8217;Aran.<\/strong><\/p>\n<p>&nbsp;<\/p>\n<p>&nbsp;<\/p>\n<p>&nbsp;<\/p>\n<p>Vielha, 12 de febrer de 2016<\/p>\n<p>&nbsp;<\/p>\n<p>&nbsp;<\/p>\n<p><em>Conselh Generau d&#8217;Aran: N\u00faria Sanjuan<\/em><\/p>\n<p><em>Informacion facilitada per: Sorigu\u00e9. Centre de Conservaci\u00f3 d&#8217;Esterri d&#8217;\u00c0neu i Servei Catal\u00e0 de Tr\u00e0nsit<\/em><\/p>\n ","protected":false},"excerpt":{"rendered":"<p>&nbsp; Actualment ja no fa falta l&#8217;\u00fas de cadenes a cap carretera de la Val d&#8217;Aran. &nbsp; &nbsp; &nbsp; Vielha, 12 de febrer de 2016 &nbsp; &nbsp; Conselh Generau d&#8217;Aran: N\u00faria Sanjuan Informacion facilitada per: Sorigu\u00e9. Centre de Conservaci\u00f3 d&#8217;Esterri d&#8217;\u00c0neu i Servei Catal\u00e0 de Tr\u00e0nsit<\/p>\n","protected":false},"author":2,"featured_media":10182,"comment_status":"closed","ping_status":"closed","sticky":false,"template":"","format":"standard","meta":{"footnotes":""},"categories":[33],"tags":[],"_links":{"self":[{"href":"https:\/\/www.conselharan.org\/ca\/wp-json\/wp\/v2\/posts\/10229"}],"collection":[{"href":"https:\/\/www.conselharan.org\/ca\/wp-json\/wp\/v2\/posts"}],"about":[{"href":"https:\/\/www.conselharan.org\/ca\/wp-json\/wp\/v2\/types\/post"}],"author":[{"embeddable":true,"href":"https:\/\/www.conselharan.org\/ca\/wp-json\/wp\/v2\/users\/2"}],"replies":[{"embeddable":true,"href":"https:\/\/www.conselharan.org\/ca\/wp-json\/wp\/v2\/comments?post=10229"}],"version-history":[{"count":8,"href":"https:\/\/www.conselharan.org\/ca\/wp-json\/wp\/v2\/posts\/10229\/revisions"}],"predecessor-version":[{"id":10247,"href":"https:\/\/www.conselharan.org\/ca\/wp-json\/wp\/v2\/posts\/10229\/revisions\/10247"}],"wp:featuredmedia":[{"embeddable":true,"href":"https:\/\/www.conselharan.org\/ca\/wp-json\/wp\/v2\/media\/10182"}],"wp:attachment":[{"href":"https:\/\/www.conselharan.org\/ca\/wp-json\/wp\/v2\/media?parent=10229"}],"wp:term":[{"taxonomy":"category","embeddable":true,"href":"https:\/\/www.conselharan.org\/ca\/wp-json\/wp\/v2\/categories?post=10229"},{"taxonomy":"post_tag","embeddable":true,"href":"https:\/\/www.conselharan.org\/ca\/wp-json\/wp\/v2\/tags?post=10229"}],"curies":[{"name":"wp","href":"https:\/\/api.w.org\/{rel}","templated":true}]}}