{"id":10251,"date":"2016-02-12T14:45:07","date_gmt":"2016-02-12T13:45:07","guid":{"rendered":"http:\/\/www.conselharan.org\/ca\/?p=10251"},"modified":"2016-02-12T14:51:27","modified_gmt":"2016-02-12T13:51:27","slug":"el-conselh-generau-neteja-la-carretera-dacces-a-varrados","status":"publish","type":"post","link":"https:\/\/www.conselharan.org\/ca\/el-conselh-generau-neteja-la-carretera-dacces-a-varrados\/","title":{"rendered":"El Conselh Generau neteja la carretera d\u2019acc\u00e9s a Varrad\u00f2s"},"content":{"rendered":"<p><strong>\u2022 La mesura ha anat adre\u00e7ada per garantir i millorar l&#8217;acc\u00e9s a un dels paratges m\u00e9s emblem\u00e0tics de la Val d\u2019Aran<\/strong><\/p>\n<p><a href=\"http:\/\/www.conselharan.org\/wp-content\/uploads\/2016\/02\/DSC_0131.jpg\"><img loading=\"lazy\" decoding=\"async\" class=\"aligncenter size-large wp-image-10249\" src=\"http:\/\/www.conselharan.org\/wp-content\/uploads\/2016\/02\/DSC_0131-1024x687.jpg\" alt=\"DSC_0131\" width=\"1024\" height=\"687\" srcset=\"https:\/\/www.conselharan.org\/wp-content\/uploads\/2016\/02\/DSC_0131-1024x687.jpg 1024w, https:\/\/www.conselharan.org\/wp-content\/uploads\/2016\/02\/DSC_0131-300x201.jpg 300w\" sizes=\"(max-width: 1024px) 100vw, 1024px\" \/><\/a><\/p>\n<p>&nbsp;<\/p>\n<p>El Departament d&#8217;Agricultura, Ramaderia i Medi Natural del Conselh Generau d\u2019Aran, per mitj\u00e0 de la empresa Serveis Ambientals de la Val d\u2019Aran (SAVA, S.L.) ha desenvolupat un pla de neteja de la carretera d\u2019acc\u00e9s a Varrad\u00f2s (Font del Sofre fins al poble d\u2019Arr\u00f2s).<\/p>\n<p>El Govern aran\u00e8s ha treballat en la carretera amb una retroexcavadora per la canalitzaci\u00f3 de l&#8217;aigua, neteja d\u2019arquetes i neteja de cunetes.<\/p>\n<p>El conselh\u00e8r d\u2019Agricultura, Ramaderia i Medi Natural, <strong>Jose E. Arr\u00f3,<\/strong> ha explicat que <strong>\u201camb aquest pla de neteja en la carretera de Varrad\u00f2s volem garantir l&#8217;acc\u00e9s a les persones als paratges m\u00e9s concorreguts del nostre pa\u00eds\u201d.<\/strong><\/p>\n<p>&nbsp;<\/p>\n<p>&nbsp;<\/p>\n<p>&nbsp;<\/p>\n<p>Vielha, 12 de febrer de 2016<\/p>\n<p>&nbsp;<\/p>\n<p><em>Conselh Generau d&#8217;Aran: N\u00faria Sanjuan<\/em><\/p>\n<p>&nbsp;<\/p>\n<p>&nbsp;<\/p>\n ","protected":false},"excerpt":{"rendered":"<p>\u2022 La mesura ha anat adre\u00e7ada per garantir i millorar l&#8217;acc\u00e9s a un dels paratges m\u00e9s emblem\u00e0tics de la Val d\u2019Aran &nbsp; El Departament d&#8217;Agricultura, Ramaderia i Medi Natural del Conselh Generau d\u2019Aran, per mitj\u00e0 de la empresa Serveis Ambientals de la Val d\u2019Aran (SAVA, S.L.) ha desenvolupat un pla de neteja de la carretera&#8230;<\/p>\n","protected":false},"author":2,"featured_media":10249,"comment_status":"closed","ping_status":"closed","sticky":false,"template":"","format":"standard","meta":{"footnotes":""},"categories":[53,36],"tags":[],"_links":{"self":[{"href":"https:\/\/www.conselharan.org\/ca\/wp-json\/wp\/v2\/posts\/10251"}],"collection":[{"href":"https:\/\/www.conselharan.org\/ca\/wp-json\/wp\/v2\/posts"}],"about":[{"href":"https:\/\/www.conselharan.org\/ca\/wp-json\/wp\/v2\/types\/post"}],"author":[{"embeddable":true,"href":"https:\/\/www.conselharan.org\/ca\/wp-json\/wp\/v2\/users\/2"}],"replies":[{"embeddable":true,"href":"https:\/\/www.conselharan.org\/ca\/wp-json\/wp\/v2\/comments?post=10251"}],"version-history":[{"count":1,"href":"https:\/\/www.conselharan.org\/ca\/wp-json\/wp\/v2\/posts\/10251\/revisions"}],"predecessor-version":[{"id":10252,"href":"https:\/\/www.conselharan.org\/ca\/wp-json\/wp\/v2\/posts\/10251\/revisions\/10252"}],"wp:featuredmedia":[{"embeddable":true,"href":"https:\/\/www.conselharan.org\/ca\/wp-json\/wp\/v2\/media\/10249"}],"wp:attachment":[{"href":"https:\/\/www.conselharan.org\/ca\/wp-json\/wp\/v2\/media?parent=10251"}],"wp:term":[{"taxonomy":"category","embeddable":true,"href":"https:\/\/www.conselharan.org\/ca\/wp-json\/wp\/v2\/categories?post=10251"},{"taxonomy":"post_tag","embeddable":true,"href":"https:\/\/www.conselharan.org\/ca\/wp-json\/wp\/v2\/tags?post=10251"}],"curies":[{"name":"wp","href":"https:\/\/api.w.org\/{rel}","templated":true}]}}