{"id":10261,"date":"2016-02-12T15:29:20","date_gmt":"2016-02-12T14:29:20","guid":{"rendered":"http:\/\/www.conselharan.org\/ca\/?p=10261"},"modified":"2016-02-12T15:29:20","modified_gmt":"2016-02-12T14:29:20","slug":"687-alumnes-aranesos-visitaran-lexposicio-humans-i-natura-trobades-inesperades","status":"publish","type":"post","link":"https:\/\/www.conselharan.org\/ca\/687-alumnes-aranesos-visitaran-lexposicio-humans-i-natura-trobades-inesperades\/","title":{"rendered":"687 alumnes aranesos visitaran l\u2019exposici\u00f3 \u201cHumans i natura: Trobades inesperades\u201d"},"content":{"rendered":"<p>\u2022 <strong>Alumnes de la Val d\u2019Aran visitaran fins al mes de mar\u00e7 l&#8217;exposici\u00f3 situada a l&#8217;esgl\u00e9sia de Sant Joan d\u2019Arties.<\/strong><\/p>\n<p>&nbsp;<\/p>\n<p><a href=\"http:\/\/www.conselharan.org\/wp-content\/uploads\/2016\/02\/mus\u00e8us-11.jpg\"><img loading=\"lazy\" decoding=\"async\" class=\"aligncenter size-large wp-image-10258\" src=\"http:\/\/www.conselharan.org\/wp-content\/uploads\/2016\/02\/mus\u00e8us-11-1024x463.jpg\" alt=\"mus\u00e8us-1\" width=\"1024\" height=\"463\" srcset=\"https:\/\/www.conselharan.org\/wp-content\/uploads\/2016\/02\/mus\u00e8us-11-1024x463.jpg 1024w, https:\/\/www.conselharan.org\/wp-content\/uploads\/2016\/02\/mus\u00e8us-11-300x136.jpg 300w, https:\/\/www.conselharan.org\/wp-content\/uploads\/2016\/02\/mus\u00e8us-11.jpg 1979w\" sizes=\"(max-width: 1024px) 100vw, 1024px\" \/><\/a><\/p>\n<p>&nbsp;<\/p>\n<p>Durant aquest mes de febrer i mar\u00e7, alumnes de l&#8217;<strong>INS d\u2019Aran, Zer Val d\u2019Aran, CEIP Garona de Vielha <\/strong>i l&#8217;<strong>Escola Santa R\u00f2c de Boss\u00f2st<\/strong> visitaran l&#8217;exposici\u00f3 \u201cHumans i natura: Trobades inesperades\u201d, una producci\u00f3 pr\u00f2pia del Museu de la Val d\u2019Aran.<\/p>\n<p>L&#8217;exposici\u00f3 reflecteix la relaci\u00f3 al llarg del temps de l&#8217;home amb aquest petit trocet del planeta, la Val d\u2019Aran.<\/p>\n<p><a href=\"http:\/\/www.conselharan.org\/wp-content\/uploads\/2016\/02\/mues\u00e8us.jpg\"><img loading=\"lazy\" decoding=\"async\" class=\"aligncenter size-large wp-image-10259\" src=\"http:\/\/www.conselharan.org\/wp-content\/uploads\/2016\/02\/mues\u00e8us-1024x683.jpg\" alt=\"mues\u00e8us\" width=\"1024\" height=\"683\" srcset=\"https:\/\/www.conselharan.org\/wp-content\/uploads\/2016\/02\/mues\u00e8us-1024x683.jpg 1024w, https:\/\/www.conselharan.org\/wp-content\/uploads\/2016\/02\/mues\u00e8us-300x200.jpg 300w, https:\/\/www.conselharan.org\/wp-content\/uploads\/2016\/02\/mues\u00e8us.jpg 2048w\" sizes=\"(max-width: 1024px) 100vw, 1024px\" \/><\/a><\/p>\n<p>&nbsp;<\/p>\n<p>L&#8217;adaptaci\u00f3 de l&#8217;home a la natura i de la Natura a l&#8217;home \u00e9s una lluita constant per la subsist\u00e9ncia, el control i el domini d\u2019aquesta.<\/p>\n<p>Podem treure&#8217;n profit, la podem explotar, per\u00f2, ella es desencadena lliure i sense l\u00edmits, de vegades dol\u00e7ament i d\u2019altres vegades fer\u00f2\u00e7a, en forma d\u2019aiguats, allaus, terratr\u00e8mols,&#8230;<\/p>\n<p>La podem controlar? La podem dominar? La podem con\u00e8ixer, adaptar-nos i anar-hi junts.<\/p>\n<p>L&#8217;exposici\u00f3 \u201c<strong>Humans i natura: Trobades inesperades\u201d<\/strong> es pot visitar fins al 30 de mar\u00e7, a l&#8217;esgl\u00e9sia de Sant Joan d\u2019Arties.<\/p>\n<p>&nbsp;<\/p>\n<p>&nbsp;<\/p>\n<p>&nbsp;<\/p>\n<p>Vielha, 12 de febrer de 2016<\/p>\n<p>&nbsp;<\/p>\n<p><em>Conselh Generau d&#8217;Aran: N\u00faria Sanjuan<\/em><\/p>\n ","protected":false},"excerpt":{"rendered":"<p>\u2022 Alumnes de la Val d\u2019Aran visitaran fins al mes de mar\u00e7 l&#8217;exposici\u00f3 situada a l&#8217;esgl\u00e9sia de Sant Joan d\u2019Arties. &nbsp; &nbsp; Durant aquest mes de febrer i mar\u00e7, alumnes de l&#8217;INS d\u2019Aran, Zer Val d\u2019Aran, CEIP Garona de Vielha i l&#8217;Escola Santa R\u00f2c de Boss\u00f2st visitaran l&#8217;exposici\u00f3 \u201cHumans i natura: Trobades inesperades\u201d, una producci\u00f3&#8230;<\/p>\n","protected":false},"author":2,"featured_media":10259,"comment_status":"closed","ping_status":"closed","sticky":false,"template":"","format":"standard","meta":{"footnotes":""},"categories":[33],"tags":[],"_links":{"self":[{"href":"https:\/\/www.conselharan.org\/ca\/wp-json\/wp\/v2\/posts\/10261"}],"collection":[{"href":"https:\/\/www.conselharan.org\/ca\/wp-json\/wp\/v2\/posts"}],"about":[{"href":"https:\/\/www.conselharan.org\/ca\/wp-json\/wp\/v2\/types\/post"}],"author":[{"embeddable":true,"href":"https:\/\/www.conselharan.org\/ca\/wp-json\/wp\/v2\/users\/2"}],"replies":[{"embeddable":true,"href":"https:\/\/www.conselharan.org\/ca\/wp-json\/wp\/v2\/comments?post=10261"}],"version-history":[{"count":1,"href":"https:\/\/www.conselharan.org\/ca\/wp-json\/wp\/v2\/posts\/10261\/revisions"}],"predecessor-version":[{"id":10262,"href":"https:\/\/www.conselharan.org\/ca\/wp-json\/wp\/v2\/posts\/10261\/revisions\/10262"}],"wp:featuredmedia":[{"embeddable":true,"href":"https:\/\/www.conselharan.org\/ca\/wp-json\/wp\/v2\/media\/10259"}],"wp:attachment":[{"href":"https:\/\/www.conselharan.org\/ca\/wp-json\/wp\/v2\/media?parent=10261"}],"wp:term":[{"taxonomy":"category","embeddable":true,"href":"https:\/\/www.conselharan.org\/ca\/wp-json\/wp\/v2\/categories?post=10261"},{"taxonomy":"post_tag","embeddable":true,"href":"https:\/\/www.conselharan.org\/ca\/wp-json\/wp\/v2\/tags?post=10261"}],"curies":[{"name":"wp","href":"https:\/\/api.w.org\/{rel}","templated":true}]}}