{"id":10268,"date":"2016-02-12T16:06:26","date_gmt":"2016-02-12T15:06:26","guid":{"rendered":"http:\/\/www.conselharan.org\/ca\/?p=10268"},"modified":"2016-02-12T16:06:45","modified_gmt":"2016-02-12T15:06:45","slug":"lucas-eguibar-estem-molt-il%e2%80%a2lusionats-amb-les-finals-de-la-copa-del-mon-fis-snowboard-cross-a-baqueira-beret","status":"publish","type":"post","link":"https:\/\/www.conselharan.org\/ca\/lucas-eguibar-estem-molt-il%e2%80%a2lusionats-amb-les-finals-de-la-copa-del-mon-fis-snowboard-cross-a-baqueira-beret\/","title":{"rendered":"Lucas Eguibar &#8220;Estem molt il\u2022lusionats amb les finals de la Copa del M\u00f3n FIS Snowboard Cross a Baqueira Beret&#8221;"},"content":{"rendered":"<p><strong>Lucas Eguibar i Laro Herrero, snowboarders components de les estructures esportives de la Real Federaci\u00f3n Espa\u00f1ola Deportes de Invierno (RFEDI), han estat entrenant tres dies a l&#8217;estaci\u00f3 aranesa que els dies 19 i 20 de mar\u00e7 ser\u00e0 la seu de l&#8217;\u00faltima prova del circuit de Copa del M\u00f3n d&#8217;snowboard cross (SBX), del qual Eguibar es va proclamar campi\u00f3 la temporada passada.<\/strong><\/p>\n<p><strong>El cap de setmana del 20 i 21 de febrer i el del 27 i 28, s\u00f3n les pr\u00f2ximes cites mundials per als riders, a Sunny Valley (R\u00fassia) i PyeongChang (Corea).<\/strong><\/p>\n<p>&nbsp;<\/p>\n<p><a href=\"http:\/\/www.conselharan.org\/wp-content\/uploads\/2016\/02\/160212-Entrenos-SBX18ABA9F.jpg\"><img loading=\"lazy\" decoding=\"async\" class=\"aligncenter size-full wp-image-10266\" src=\"http:\/\/www.conselharan.org\/wp-content\/uploads\/2016\/02\/160212-Entrenos-SBX18ABA9F.jpg\" alt=\"160212-Entrenos-SBX#18ABA9F\" width=\"850\" height=\"638\" srcset=\"https:\/\/www.conselharan.org\/wp-content\/uploads\/2016\/02\/160212-Entrenos-SBX18ABA9F.jpg 850w, https:\/\/www.conselharan.org\/wp-content\/uploads\/2016\/02\/160212-Entrenos-SBX18ABA9F-300x225.jpg 300w\" sizes=\"(max-width: 850px) 100vw, 850px\" \/><\/a><\/p>\n<p>&nbsp;<\/p>\n<p>La tercera i quarta setmana de febrer, l&#8217;estaci\u00f3 russa de Sunny Valley i la coreana de PyeongChang, rebran dos esdeveniments de la copa del m\u00f3n m\u00e9s espectacular: la de SBX. Els riders de RFEDI s&#8217;han entrenat del 10 al 12 de febrer a l&#8217;estaci\u00f3 de la Val d&#8217;Aran amb la vista posada en les seg\u00fcents cites mundials, que afronten amb molta motivaci\u00f3. El tercer esportista de l&#8217;equip, l&#8217;andal\u00fas Regino Hern\u00e1ndez no ha pogut assistir per lesi\u00f3.<\/p>\n<p><strong>Lucas Eguibar<\/strong> es mostrava il\u2022lusionat perqu\u00e8 Beret sigui la seu de la prova mundialista ja que &#8220;porto venint molts anys i \u00e9s a prop de casa, ja estic dient a tota la meva fam\u00edlia i amics que vinguin a animar&#8221; i ha afegit que &#8220;hem de demostrar a Espanya que aquest esport val la pena i que hi ha estacions que aposten per aix\u00f2&#8221;. Pel que fa refer\u00e8ncia als dies d&#8217;entrenament explica que &#8220;per ara hem estat provant la neu, no hem pogut treballar a la pista definitiva perqu\u00e8 el boardercross canviar\u00e0 considerablement per adaptar-se a la normativa FIS&#8221;. De cara a les pr\u00f2ximes competicions &#8220;me les plantejo amb moltes ganes i estic molt motivat, en les primeres que hem disputat he com\u00e8s errors per\u00f2 he estat treballant i s\u00e9 que fent unes carreres mentalment bones puc aconseguir un bon resultat i escalar posicions en el r\u00e0nquing&#8221;.<\/p>\n<p>El c\u00e0ntabre <strong>Laro Herrero<\/strong> explicava que \u00e9s la segona concentraci\u00f3 d&#8217;entrenament que fan a Baqueira i que \u00e9s important destacar el tracte rebut. De cara a la Copa del M\u00f3n ha comentat que &#8220;ens fa molta il\u2022lusi\u00f3 que se celebri aqu\u00ed, a m\u00e9s hem pogut veure on ser\u00e0 la pista i fer-nos una idea de com ser\u00e0 el circuit, per a nosaltres aix\u00f2 \u00e9s un avantatge&#8221;. Herrero, que va patir una caiguda en l&#8217;\u00faltima prova de Feldberg aquesta setmana ha tornat a posar-se sobre la taula, i encara que no se sent al 100% recuperat, assegura que &#8220;afronto la prova amb la intenci\u00f3 d&#8217;estar el m\u00e9s endavant possible i l&#8217;objectiu \u00e9s lluitar pel podi. Mai hem estat a Sunny Valley ni a Corea, s\u00f3n estacions noves per a nosaltres per\u00f2 tenim il\u2022lusi\u00f3, perqu\u00e8 a m\u00e9s PyeongChang \u00e9s on es celebraran els Jocs Ol\u00edmpics de 2018, aix\u00ed que podrem veure com \u00e9s all\u00f2&#8221;.<\/p>\n<p>El t\u00e8cnic de SBX de RFEDI,<strong> Israel Planas<\/strong> que els ha acompanyat en aquest despla\u00e7ament ha assegurat que &#8220;el fet de tenir una Copa del M\u00f3n aqu\u00ed a Baqueira per mi \u00e9s incre\u00efble, l&#8217;estaci\u00f3 cada vegada ens est\u00e0 ajudant m\u00e9s, facilitant-nos els entrenaments i les concentracions&#8221;. Planas ha agra\u00eft que s&#8217;aculli la prova i totes les facilitats que els han posat &#8220;aix\u00f2 \u00e9s perfecte per a un equip que t\u00e9 corredors de diferents parts d&#8217;Espanya&#8221;. I ha volgut recordar que &#8220;La Molina sempre ha obert les seves portes en aquest aspecte i ens ha ajudat molt, per\u00f2 tot \u00e9s un treball en equip, tant per la RFEDI, com per les dues estacions i si podem tirar endavant aquesta Copa del M\u00f3n \u00e9s per qu\u00e8 tots estem fent b\u00e9 la nostra feina&#8221;.<\/p>\n<p><strong>Albirant els Mundials Sierra Nevada 2017<\/strong><\/p>\n<p>Per al Campionat del M\u00f3n de snowboard i freestyle que se celebrar\u00e0 a l&#8217;estaci\u00f3 granadina la temporada que ve, Eguibar ha comentat que &#8220;\u00e9s una estaci\u00f3 que m&#8217;encanta, Andalusia sencera m&#8217;agrada molt i crec que ho muntaran molt b\u00e9 perqu\u00e8 tenen molt\u00edssimes ganes de fer-ho i que la gent vegi que no nom\u00e9s en l&#8217;esqu\u00ed, sin\u00f3 que en l\u2019snowboard i el freestyle tamb\u00e9 hi ha esportistes espanyols que tiren endavant&#8221;. Herrero, que ha recordat la seva setena pla\u00e7a en els Mundials de Kreischberg&#8217;15 ha assegurat que &#8220;en el seg\u00fcent mundial, el 2017 a Sierra Nevada, tinc la il\u2022lusi\u00f3 de fer-ho igual o millor que a \u00c0ustria&#8221;.<\/p>\n<p>Despr\u00e9s de les primeres copes celebrades a Montafon (\u00c0ustria) i Feldberg (Alemanya), Lucas Eguibar es posiciona 8\u00e8 a la classificaci\u00f3 (870 pts). Regino Hern\u00e1ndez, tamb\u00e9 component de l&#8217;equip RFEDI i que segueix recuperant-se de la lesi\u00f3 en els X Games de fa dues setmanes, est\u00e0 el 34\u00e8 (126 pts) i Laro Herrero, 37\u00e8 (102 pts). Els riders que lideren el r\u00e0nquing s\u00f3n el rus Nikolay Olyunin (2400 pts), el franc\u00e8s Pierre Vaultier (1980 pts) i l&#8217;austr\u00edac Alessandro Haemmerle (1590 pts).<\/p>\n<p>Palmar\u00e8s<br \/>\nLucas Eguibar (Fed. Basca) El donostiarra del club Promosport va guanyar el Globus de Vidre de la Copa del M\u00f3n, la temporada passada, en la disciplina de snowboard cross despr\u00e9s d&#8217;aconseguir un or i una plata en les Copes del M\u00f3n de Veysonnaz&#8217;15 i una 9a pla\u00e7a a la Molina, on es va proclamar guanyador del circuit. A m\u00e9s als Jocs de Sochi 2014 va aconseguir el diploma ol\u00edmpic en classificar-se en la 7a pla\u00e7a.<br \/>\nLucas va debutar en Copa del M\u00f3n la temporada 2011-12 i porta 19 proves en aquesta categoria amb 4 podis (Arosa&#8217;13 &#8211; 3r i Vallnord-Arcal\u00eds&#8217;14 &#8211; 2n, a m\u00e9s dels dos podis de Veysonnaz&#8217;15). El 2013 va aconseguir coronar-se campi\u00f3 del M\u00f3n J\u00fanior.<\/p>\n<p>Laro Herrero (Fed. C\u00e0ntabra) El c\u00e0ntabre del club Tajahierro que va comen\u00e7ar la seva traject\u00f2ria a la Copa del M\u00f3n el 2009, ja ha disputat 20 proves d&#8217;aquest circuit. Ha participat en 3 Campionats del M\u00f3n: La Molina&#8217;11, Stoneham&#8217;13 i va obtenir el 7\u00e8 lloc al final de Kreischberg&#8217;15. El rider tamb\u00e9 acumula uns Jocs Ol\u00edmpics d&#8217;Sochi&#8217;14 en el seu historial.<\/p>\n<p>&nbsp;<\/p>\n<p>&nbsp;<\/p>\n<p>Vielha, 12 de febrero de 2016<\/p>\n<p>&nbsp;<\/p>\n<p>&nbsp;<\/p>\n<p><em>Conselh Generau d&#8217;Aran: N\u00faria Sanjuan<\/em><\/p>\n<p><em>Informaci\u00f3 facilitada per: Baqueira Beret<\/em><\/p>\n ","protected":false},"excerpt":{"rendered":"<p>Lucas Eguibar i Laro Herrero, snowboarders components de les estructures esportives de la Real Federaci\u00f3n Espa\u00f1ola Deportes de Invierno (RFEDI), han estat entrenant tres dies a l&#8217;estaci\u00f3 aranesa que els dies 19 i 20 de mar\u00e7 ser\u00e0 la seu de l&#8217;\u00faltima prova del circuit de Copa del M\u00f3n d&#8217;snowboard cross (SBX), del qual Eguibar es&#8230;<\/p>\n","protected":false},"author":2,"featured_media":10266,"comment_status":"closed","ping_status":"closed","sticky":false,"template":"","format":"standard","meta":{"footnotes":""},"categories":[33],"tags":[],"_links":{"self":[{"href":"https:\/\/www.conselharan.org\/ca\/wp-json\/wp\/v2\/posts\/10268"}],"collection":[{"href":"https:\/\/www.conselharan.org\/ca\/wp-json\/wp\/v2\/posts"}],"about":[{"href":"https:\/\/www.conselharan.org\/ca\/wp-json\/wp\/v2\/types\/post"}],"author":[{"embeddable":true,"href":"https:\/\/www.conselharan.org\/ca\/wp-json\/wp\/v2\/users\/2"}],"replies":[{"embeddable":true,"href":"https:\/\/www.conselharan.org\/ca\/wp-json\/wp\/v2\/comments?post=10268"}],"version-history":[{"count":1,"href":"https:\/\/www.conselharan.org\/ca\/wp-json\/wp\/v2\/posts\/10268\/revisions"}],"predecessor-version":[{"id":10269,"href":"https:\/\/www.conselharan.org\/ca\/wp-json\/wp\/v2\/posts\/10268\/revisions\/10269"}],"wp:featuredmedia":[{"embeddable":true,"href":"https:\/\/www.conselharan.org\/ca\/wp-json\/wp\/v2\/media\/10266"}],"wp:attachment":[{"href":"https:\/\/www.conselharan.org\/ca\/wp-json\/wp\/v2\/media?parent=10268"}],"wp:term":[{"taxonomy":"category","embeddable":true,"href":"https:\/\/www.conselharan.org\/ca\/wp-json\/wp\/v2\/categories?post=10268"},{"taxonomy":"post_tag","embeddable":true,"href":"https:\/\/www.conselharan.org\/ca\/wp-json\/wp\/v2\/tags?post=10268"}],"curies":[{"name":"wp","href":"https:\/\/api.w.org\/{rel}","templated":true}]}}