{"id":10276,"date":"2016-02-16T08:15:43","date_gmt":"2016-02-16T07:15:43","guid":{"rendered":"http:\/\/www.conselharan.org\/ca\/?p=10276"},"modified":"2016-02-16T13:28:01","modified_gmt":"2016-02-16T12:28:01","slug":"10276","status":"publish","type":"post","link":"https:\/\/www.conselharan.org\/ca\/10276\/","title":{"rendered":"Estat de les carreteres a la Val d&#8217;Aran"},"content":{"rendered":"<p><a href=\"http:\/\/www.conselharan.org\/wp-content\/uploads\/2016\/02\/ctra.jpg\"><img loading=\"lazy\" decoding=\"async\" class=\"aligncenter size-full wp-image-10182\" src=\"http:\/\/www.conselharan.org\/wp-content\/uploads\/2016\/02\/ctra.jpg\" alt=\"ctra\" width=\"960\" height=\"644\" srcset=\"https:\/\/www.conselharan.org\/wp-content\/uploads\/2016\/02\/ctra.jpg 960w, https:\/\/www.conselharan.org\/wp-content\/uploads\/2016\/02\/ctra-300x201.jpg 300w\" sizes=\"(max-width: 960px) 100vw, 960px\" \/><\/a><\/p>\n<p>&nbsp;<\/p>\n<p>&nbsp;<\/p>\n<p>Actualment no \u00e9s necessari l&#8217;\u00fas de cadenes en cap carretera de la Val d&#8217;Aran.<\/p>\n<p>&nbsp;<\/p>\n<p>(Actualitzaci\u00f3 13:13)<\/p>\n<p>&nbsp;<\/p>\n<p>&nbsp;<\/p>\n<p>Vielha, 16 de febrer de 2016<\/p>\n<p>&nbsp;<\/p>\n<p>&nbsp;<\/p>\n<p><em>Conselh Generau d&#8217;Aran: N\u00faria Sanjuan<\/em><\/p>\n<p><em>Informaci\u00f3 facilitada per: Sorigu\u00e9 (Centre de Conservaci\u00f3 d&#8217;Esterri d&#8217;\u00c0neu)<\/em><\/p>\n ","protected":false},"excerpt":{"rendered":"<p>&nbsp; &nbsp; Actualment no \u00e9s necessari l&#8217;\u00fas de cadenes en cap carretera de la Val d&#8217;Aran. &nbsp; (Actualitzaci\u00f3 13:13) &nbsp; &nbsp; Vielha, 16 de febrer de 2016 &nbsp; &nbsp; Conselh Generau d&#8217;Aran: N\u00faria Sanjuan Informaci\u00f3 facilitada per: Sorigu\u00e9 (Centre de Conservaci\u00f3 d&#8217;Esterri d&#8217;\u00c0neu)<\/p>\n","protected":false},"author":2,"featured_media":10182,"comment_status":"closed","ping_status":"closed","sticky":false,"template":"","format":"standard","meta":{"footnotes":""},"categories":[33],"tags":[],"_links":{"self":[{"href":"https:\/\/www.conselharan.org\/ca\/wp-json\/wp\/v2\/posts\/10276"}],"collection":[{"href":"https:\/\/www.conselharan.org\/ca\/wp-json\/wp\/v2\/posts"}],"about":[{"href":"https:\/\/www.conselharan.org\/ca\/wp-json\/wp\/v2\/types\/post"}],"author":[{"embeddable":true,"href":"https:\/\/www.conselharan.org\/ca\/wp-json\/wp\/v2\/users\/2"}],"replies":[{"embeddable":true,"href":"https:\/\/www.conselharan.org\/ca\/wp-json\/wp\/v2\/comments?post=10276"}],"version-history":[{"count":10,"href":"https:\/\/www.conselharan.org\/ca\/wp-json\/wp\/v2\/posts\/10276\/revisions"}],"predecessor-version":[{"id":10337,"href":"https:\/\/www.conselharan.org\/ca\/wp-json\/wp\/v2\/posts\/10276\/revisions\/10337"}],"wp:featuredmedia":[{"embeddable":true,"href":"https:\/\/www.conselharan.org\/ca\/wp-json\/wp\/v2\/media\/10182"}],"wp:attachment":[{"href":"https:\/\/www.conselharan.org\/ca\/wp-json\/wp\/v2\/media?parent=10276"}],"wp:term":[{"taxonomy":"category","embeddable":true,"href":"https:\/\/www.conselharan.org\/ca\/wp-json\/wp\/v2\/categories?post=10276"},{"taxonomy":"post_tag","embeddable":true,"href":"https:\/\/www.conselharan.org\/ca\/wp-json\/wp\/v2\/tags?post=10276"}],"curies":[{"name":"wp","href":"https:\/\/api.w.org\/{rel}","templated":true}]}}