{"id":10317,"date":"2016-02-16T11:01:53","date_gmt":"2016-02-16T10:01:53","guid":{"rendered":"http:\/\/www.conselharan.org\/ca\/?p=10317"},"modified":"2016-02-17T18:44:23","modified_gmt":"2016-02-17T17:44:23","slug":"el-conselh-generau-daran-impulsa-dos-nous-projectes-educatius-per-les-escoles-de-la-val-daran","status":"publish","type":"post","link":"https:\/\/www.conselharan.org\/ca\/el-conselh-generau-daran-impulsa-dos-nous-projectes-educatius-per-les-escoles-de-la-val-daran\/","title":{"rendered":"El Conselh Generau d\u2019Aran impulsa dos nous projectes educatius per les escoles de la Val d\u2019Aran"},"content":{"rendered":"<p><strong>Els projectes que neixen a iniciativa de \u00a0la comunitat educativa de les escoles de la Val d\u2019Aran i del Departament de Cultura i Pol\u00edtica Ling\u00fc\u00edstica del Conselh Generau d\u2019Aran, consistiran en la col\u00b7lecci\u00f3 de contes \u201cPetit Pa\u00eds\u201d i la revista setmanal digital \u201cEl Tricicle\u201d.<\/strong><\/p>\n<p><a href=\"http:\/\/www.conselharan.org\/wp-content\/uploads\/2016\/02\/tricicle-e1455581041433.jpg\"><img loading=\"lazy\" decoding=\"async\" class=\"aligncenter size-large wp-image-10314\" src=\"http:\/\/www.conselharan.org\/wp-content\/uploads\/2016\/02\/tricicle-e1455581041433-1024x326.jpg\" alt=\"tricicle\" width=\"1024\" height=\"326\" srcset=\"https:\/\/www.conselharan.org\/wp-content\/uploads\/2016\/02\/tricicle-e1455581041433-1024x326.jpg 1024w, https:\/\/www.conselharan.org\/wp-content\/uploads\/2016\/02\/tricicle-e1455581041433-300x95.jpg 300w\" sizes=\"(max-width: 1024px) 100vw, 1024px\" \/><\/a><\/p>\n<p>Vielha15 de febrer de 2016.- El <strong>Conselh Generau d\u2019Aran<\/strong>, costejar\u00e0 dos nous projectes educatius per a les escoles de la Val d\u2019Aran. Aquests dos projectes neixen a <strong>iniciativa de la comunitat educativa de les escoles araneses i del Departament de Cultura i Pol\u00edtica Ling\u00fc\u00edstica<\/strong> del mateix Conselh Generau d\u2019Aran.<\/p>\n<p>El primer dels projectes consistir\u00e0 en una <strong>col\u00b7lecci\u00f3 de contes <\/strong>anomenada<strong> \u201cPetit Pa\u00eds\u201d<\/strong>. Es tracta d\u2019una nova col\u00b7lecci\u00f3 de contes en aran\u00e8s que neix per donar resposta una necessitat manifestada pels membres de la comunitat educativa de les escoles de la Val d\u2019Aran, juntament amb el Centre de Recursos Pedag\u00f2gics i el servei de Cultura i Pol\u00edtica Ling\u00fc\u00edstica del Conselh Generau d\u2019Aran. Es tracta de crear, elaborar i adaptar material did\u00e0ctic i produccions liter\u00e0ries en aran\u00e8s per a nens i nenes d\u2019educaci\u00f3 infantil i de cicle inicial, per tal de facilitar el dia a dia a l\u2019escola i possibilitar un bon h\u00e0bit de lectura, aprofundir en l\u2019estructura del llenguatge oral, de la mem\u00f2ria visual i auditiva, de l\u2019ampliaci\u00f3 de vocabulari i d\u2019una millor estructuraci\u00f3 de l\u2019expressi\u00f3 i comprensi\u00f3 oral dels alumnes.<\/p>\n<p>La col\u00b7lecci\u00f3 Petit Pa\u00eds, estar\u00e0 formada per contes sobre les festes tradicionals i populars de la Val d\u2019Aran, com s\u00f3n: La Fira, La Castanyada, Nadal, Sant Vicen\u00e7, Carnestoltes, Sant Jordi i Sant Joan, aix\u00ed com la vida quotidiana, que tot i no ser una festa, tamb\u00e9 hi ser\u00e0 inclosa.<\/p>\n<p>La col\u00b7lecci\u00f3 va adre\u00e7ada a nens i nenes de P-5 i de 1er i 2on de prim\u00e0ria, de 4 a 7 anys. Consistir\u00e0 en 7 contes\u00a0 de festes i tradicions i un conte de l\u2019escola.<\/p>\n<p>La comissi\u00f3 de treball de la nova col\u00b7lecci\u00f3, la formaran: Maite Bayo Busquet, Mari Carmen Forment Bustamante, Mireia Fabregat Bentz, Sandra L\u00f3pez Pont, Sira Ortiz Pan\u00e9, Esther Palomar Domingo, Maria Llu\u00efsa Reig Duaig\u00fces i Susana Vidal Subir\u00e0.<\/p>\n<p>L\u2019objectiu de la col\u00b7lecci\u00f3, \u00e9s tamb\u00e9 propagar la llengua vehicular dels centres educatius de la Val d\u2019Aran, potenciar la llengua i la cultura pr\u00f2pies, crear material complementari d\u2019iniciaci\u00f3 a la lectura, potenciar el goig per la lectura i la llengua aranesa i treballar mitjan\u00e7ant els contes les festes de la Val d\u2019Aran.<\/p>\n<p>El segon dels projectes, consisteix en una <strong>revista setmanal en format digital<\/strong> anomenada <strong>\u201cEl Tricicle\u201d<\/strong>, per treballar not\u00edcies d\u2019actualitat amb els alumnes de <strong>les escoles de Les, Boss\u00f2st, Vielha i ZER Val d\u2019Aran.<\/strong> Aquest setmanari per a nens i nenes ja existeix en catal\u00e0, i la traducci\u00f3 del mateix a la llengua aranesa, anir\u00e0 a c\u00e0rrec del Departament de Cultura i Pol\u00edtica Ling\u00fc\u00edstica del Conselh Generau d\u2019Aran.<\/p>\n<p>El sindic d\u2019Aran <strong>Carlos Barrera<\/strong>, com a m\u00e0xim responsable del departament de Cultura i Llengua del Conselh Generau d\u2019Aran, ha assenyalat que <strong>\u201cel Gov\u00e8rn d\u2019Aran dona sempre el seu suport a les iniciatives de la comunitat educativa de la Val d\u2019Aran i a tot all\u00f2 que serveixi per millorar l\u2019acc\u00e9s dels nens i nenes aranesos a la nostra llengua, cultura i tradicions, aix\u00ed com a l\u2019\u00fas social de l\u2019aran\u00e8s en qualsevol \u00e0mbit, i a l\u2019escola en particular\u201d.<\/strong><\/p>\n<p>Aquests dos projectes es sumen a d\u2019altres publicacions per a nens i nenes ja consolidades, com \u201cEra Garb\u00e8ra\u201d.<\/p>\n<h3 style=\"text-align: center\"><a href=\"http:\/\/www.conselharan.org\/wp-content\/uploads\/2016\/02\/13_eltricicle_A4_2016-02-12_aranes_1455715131.pdf\">Descarga la versi\u00f3 en aran\u00e9s de &#8220;El Tricicle&#8221;<\/a><\/h3>\n<p><a href=\"http:\/\/www.conselharan.org\/wp-content\/uploads\/2016\/02\/13_eltricicle_A4_2016-02-12_aranes_1455715131.pdf\"><img loading=\"lazy\" decoding=\"async\" class=\"aligncenter wp-image-10343 size-medium\" src=\"http:\/\/www.conselharan.org\/wp-content\/uploads\/2016\/02\/Captura-de-pantalla-completa-17022016-182757-245x300.jpg\" alt=\"Captura de pantalla completa 17022016 182757\" width=\"245\" height=\"300\" srcset=\"https:\/\/www.conselharan.org\/wp-content\/uploads\/2016\/02\/Captura-de-pantalla-completa-17022016-182757-245x300.jpg 245w, https:\/\/www.conselharan.org\/wp-content\/uploads\/2016\/02\/Captura-de-pantalla-completa-17022016-182757.jpg 395w\" sizes=\"(max-width: 245px) 100vw, 245px\" \/><\/a><\/p>\n<p>&nbsp;<\/p>\n ","protected":false},"excerpt":{"rendered":"<p>Els projectes que neixen a iniciativa de \u00a0la comunitat educativa de les escoles de la Val d\u2019Aran i del Departament de Cultura i Pol\u00edtica Ling\u00fc\u00edstica del Conselh Generau d\u2019Aran, consistiran en la col\u00b7lecci\u00f3 de contes \u201cPetit Pa\u00eds\u201d i la revista setmanal digital \u201cEl Tricicle\u201d. Vielha15 de febrer de 2016.- El Conselh Generau d\u2019Aran, costejar\u00e0 dos&#8230;<\/p>\n","protected":false},"author":2,"featured_media":10316,"comment_status":"closed","ping_status":"closed","sticky":false,"template":"","format":"standard","meta":{"footnotes":""},"categories":[53,36],"tags":[],"_links":{"self":[{"href":"https:\/\/www.conselharan.org\/ca\/wp-json\/wp\/v2\/posts\/10317"}],"collection":[{"href":"https:\/\/www.conselharan.org\/ca\/wp-json\/wp\/v2\/posts"}],"about":[{"href":"https:\/\/www.conselharan.org\/ca\/wp-json\/wp\/v2\/types\/post"}],"author":[{"embeddable":true,"href":"https:\/\/www.conselharan.org\/ca\/wp-json\/wp\/v2\/users\/2"}],"replies":[{"embeddable":true,"href":"https:\/\/www.conselharan.org\/ca\/wp-json\/wp\/v2\/comments?post=10317"}],"version-history":[{"count":6,"href":"https:\/\/www.conselharan.org\/ca\/wp-json\/wp\/v2\/posts\/10317\/revisions"}],"predecessor-version":[{"id":10349,"href":"https:\/\/www.conselharan.org\/ca\/wp-json\/wp\/v2\/posts\/10317\/revisions\/10349"}],"wp:featuredmedia":[{"embeddable":true,"href":"https:\/\/www.conselharan.org\/ca\/wp-json\/wp\/v2\/media\/10316"}],"wp:attachment":[{"href":"https:\/\/www.conselharan.org\/ca\/wp-json\/wp\/v2\/media?parent=10317"}],"wp:term":[{"taxonomy":"category","embeddable":true,"href":"https:\/\/www.conselharan.org\/ca\/wp-json\/wp\/v2\/categories?post=10317"},{"taxonomy":"post_tag","embeddable":true,"href":"https:\/\/www.conselharan.org\/ca\/wp-json\/wp\/v2\/tags?post=10317"}],"curies":[{"name":"wp","href":"https:\/\/api.w.org\/{rel}","templated":true}]}}