{"id":10329,"date":"2016-02-16T09:03:14","date_gmt":"2016-02-16T08:03:14","guid":{"rendered":"http:\/\/www.conselharan.org\/ca\/?p=10329"},"modified":"2016-02-16T09:03:28","modified_gmt":"2016-02-16T08:03:28","slug":"3-medalles-pel-ceva-en-els-campionats-de-catalunya-de-supergegant-u14-u16","status":"publish","type":"post","link":"https:\/\/www.conselharan.org\/ca\/3-medalles-pel-ceva-en-els-campionats-de-catalunya-de-supergegant-u14-u16\/","title":{"rendered":"3 medalles pel CEVA en els campionats de Catalunya de Supergegant U14-U16"},"content":{"rendered":"<p><a href=\"http:\/\/www.conselharan.org\/wp-content\/uploads\/2016\/02\/ceva.jpg\"><img loading=\"lazy\" decoding=\"async\" class=\"aligncenter size-large wp-image-10326\" src=\"http:\/\/www.conselharan.org\/wp-content\/uploads\/2016\/02\/ceva-1024x683.jpg\" alt=\"ceva\" width=\"1024\" height=\"683\" srcset=\"https:\/\/www.conselharan.org\/wp-content\/uploads\/2016\/02\/ceva-1024x683.jpg 1024w, https:\/\/www.conselharan.org\/wp-content\/uploads\/2016\/02\/ceva-300x200.jpg 300w, https:\/\/www.conselharan.org\/wp-content\/uploads\/2016\/02\/ceva.jpg 1200w\" sizes=\"(max-width: 1024px) 100vw, 1024px\" \/><\/a><\/p>\n<p>&nbsp;<\/p>\n<p>El cap de setmana passat, l&#8217;estaci\u00f3 de Boi Ta\u00fcll va acollir les proves de velocitat de la <strong>Federaci\u00f3 Catalana d&#8217;Esports d&#8217;Hivern (FCEH)<\/strong> en la disciplina de Supergegant de les 2 categories d&#8217;infantils U14 i U16.<\/p>\n<p>&nbsp;<\/p>\n<p><a href=\"http:\/\/www.conselharan.org\/wp-content\/uploads\/2016\/02\/podi_ceva.jpg\"><img loading=\"lazy\" decoding=\"async\" class=\"aligncenter size-large wp-image-10325\" src=\"http:\/\/www.conselharan.org\/wp-content\/uploads\/2016\/02\/podi_ceva-1024x683.jpg\" alt=\"podi_ceva\" width=\"1024\" height=\"683\" srcset=\"https:\/\/www.conselharan.org\/wp-content\/uploads\/2016\/02\/podi_ceva-1024x683.jpg 1024w, https:\/\/www.conselharan.org\/wp-content\/uploads\/2016\/02\/podi_ceva-300x200.jpg 300w, https:\/\/www.conselharan.org\/wp-content\/uploads\/2016\/02\/podi_ceva.jpg 1200w\" sizes=\"(max-width: 1024px) 100vw, 1024px\" \/><\/a><\/p>\n<p>&nbsp;<\/p>\n<p>El dissabte, 13 de febrer, es van celebrar els Campionats de Catalunya de velocitat amb grans resultats per part dels corredors del<strong> Club d&#8217;Esqu\u00ed Val d\u2019Aran (CEVA)<\/strong> obtenint 3 medalles: un or d&#8217;<strong>Arrieta Rodr\u00edguez<\/strong>, una plata d&#8217;<strong>Anna Ram\u00f3n<\/strong> en la categoria d&#8217;U14 i una plata per part de<strong> Lisa Vallcorba<\/strong> en la categoria d&#8217;U16.<\/p>\n<p>El diumenge, 14 de febrer, <strong>Arrieta Rodr\u00edguez<\/strong>, va aconseguir la plata.<\/p>\n<p>&nbsp;<\/p>\n<p><a href=\"http:\/\/www.conselharan.org\/wp-content\/uploads\/2016\/02\/ceva2.jpg\"><img loading=\"lazy\" decoding=\"async\" class=\"aligncenter size-large wp-image-10327\" src=\"http:\/\/www.conselharan.org\/wp-content\/uploads\/2016\/02\/ceva2-1024x683.jpg\" alt=\"ceva2\" width=\"1024\" height=\"683\" srcset=\"https:\/\/www.conselharan.org\/wp-content\/uploads\/2016\/02\/ceva2-1024x683.jpg 1024w, https:\/\/www.conselharan.org\/wp-content\/uploads\/2016\/02\/ceva2-300x200.jpg 300w, https:\/\/www.conselharan.org\/wp-content\/uploads\/2016\/02\/ceva2.jpg 1200w\" sizes=\"(max-width: 1024px) 100vw, 1024px\" \/><\/a><\/p>\n<p>&nbsp;<\/p>\n<p><strong>RESULTATS CAMPIONATS DE CATALUNYA SUPERGEGANT<\/strong><\/p>\n<p><strong>U14 DAMAS<\/strong><br \/>\n1\u00aaArrieta Rodr\u00edguez (CEVA)<br \/>\n2\u00aaAnna Ram\u00f3n (CEVA)<\/p>\n<p><strong>U16 DAMAS<\/strong><br \/>\n2\u00aa Lisa Vallcorba (CEVA)<\/p>\n<p>&nbsp;<\/p>\n<p><strong>RESULTATS PROVA DE VELOCITAT DIA 14\/02<\/strong><\/p>\n<p><strong>U14 DAMAS<\/strong><br \/>\n2\u00aaArrieta Rodr\u00edguez (CEVA)<\/p>\n<p>&nbsp;<\/p>\n<p>&nbsp;<\/p>\n<p>&nbsp;<\/p>\n<p>Vielha, 16 de febrer de 2016<\/p>\n<p>&nbsp;<\/p>\n<p>&nbsp;<\/p>\n<p><em>Conselh Generau d&#8217;Aran: N\u00faria Sanjuan<\/em><\/p>\n<p><em>Font: CEVA<\/em><\/p>\n ","protected":false},"excerpt":{"rendered":"<p>&nbsp; El cap de setmana passat, l&#8217;estaci\u00f3 de Boi Ta\u00fcll va acollir les proves de velocitat de la Federaci\u00f3 Catalana d&#8217;Esports d&#8217;Hivern (FCEH) en la disciplina de Supergegant de les 2 categories d&#8217;infantils U14 i U16. &nbsp; &nbsp; El dissabte, 13 de febrer, es van celebrar els Campionats de Catalunya de velocitat amb grans resultats&#8230;<\/p>\n","protected":false},"author":2,"featured_media":10326,"comment_status":"closed","ping_status":"closed","sticky":false,"template":"","format":"standard","meta":{"footnotes":""},"categories":[33],"tags":[],"_links":{"self":[{"href":"https:\/\/www.conselharan.org\/ca\/wp-json\/wp\/v2\/posts\/10329"}],"collection":[{"href":"https:\/\/www.conselharan.org\/ca\/wp-json\/wp\/v2\/posts"}],"about":[{"href":"https:\/\/www.conselharan.org\/ca\/wp-json\/wp\/v2\/types\/post"}],"author":[{"embeddable":true,"href":"https:\/\/www.conselharan.org\/ca\/wp-json\/wp\/v2\/users\/2"}],"replies":[{"embeddable":true,"href":"https:\/\/www.conselharan.org\/ca\/wp-json\/wp\/v2\/comments?post=10329"}],"version-history":[{"count":1,"href":"https:\/\/www.conselharan.org\/ca\/wp-json\/wp\/v2\/posts\/10329\/revisions"}],"predecessor-version":[{"id":10330,"href":"https:\/\/www.conselharan.org\/ca\/wp-json\/wp\/v2\/posts\/10329\/revisions\/10330"}],"wp:featuredmedia":[{"embeddable":true,"href":"https:\/\/www.conselharan.org\/ca\/wp-json\/wp\/v2\/media\/10326"}],"wp:attachment":[{"href":"https:\/\/www.conselharan.org\/ca\/wp-json\/wp\/v2\/media?parent=10329"}],"wp:term":[{"taxonomy":"category","embeddable":true,"href":"https:\/\/www.conselharan.org\/ca\/wp-json\/wp\/v2\/categories?post=10329"},{"taxonomy":"post_tag","embeddable":true,"href":"https:\/\/www.conselharan.org\/ca\/wp-json\/wp\/v2\/tags?post=10329"}],"curies":[{"name":"wp","href":"https:\/\/api.w.org\/{rel}","templated":true}]}}