{"id":10376,"date":"2016-02-18T11:03:34","date_gmt":"2016-02-18T10:03:34","guid":{"rendered":"http:\/\/www.conselharan.org\/ca\/?p=10376"},"modified":"2016-02-18T11:04:43","modified_gmt":"2016-02-18T10:04:43","slug":"el-conselh-generau-daran-obre-la-convocatoria-per-sol%e2%80%a2licitar-subvencions-per-lexercici-2016","status":"publish","type":"post","link":"https:\/\/www.conselharan.org\/ca\/el-conselh-generau-daran-obre-la-convocatoria-per-sol%e2%80%a2licitar-subvencions-per-lexercici-2016\/","title":{"rendered":"El Conselh Generau d\u2019Aran obre la convocat\u00f2ria per sol\u2022licitar subvencions per l\u2019exercici 2016"},"content":{"rendered":"<p><strong>\u2022 El termini de presentaci\u00f3 de sol\u2022licituds acaba el 2 de maig de 2016.<\/strong><\/p>\n<p><a href=\"http:\/\/www.conselharan.org\/wp-content\/uploads\/2016\/02\/DSC_0040.jpg\"><img loading=\"lazy\" decoding=\"async\" class=\"aligncenter size-large wp-image-10367\" src=\"http:\/\/www.conselharan.org\/wp-content\/uploads\/2016\/02\/DSC_0040-1024x685.jpg\" alt=\"DSC_0040\" width=\"1024\" height=\"685\" srcset=\"https:\/\/www.conselharan.org\/wp-content\/uploads\/2016\/02\/DSC_0040-1024x685.jpg 1024w, https:\/\/www.conselharan.org\/wp-content\/uploads\/2016\/02\/DSC_0040-300x201.jpg 300w\" sizes=\"(max-width: 1024px) 100vw, 1024px\" \/><\/a><\/p>\n<p>Els diversos \u00e0mbits objecte d\u2019aquestes convocat\u00f2ries s\u00f3n els seg\u00fcents:<\/p>\n<p><strong>a) Subvencions en l&#8217;\u00e0rea de cultura i llengua.<\/strong><\/p>\n<p>El Conselh de Gov\u00e8rn del Conselh Generau d\u2019Aran de data 2 de febrer de 2016 va aprovar la convocat\u00f2ria per la concessi\u00f3 de subvencions a l&#8217;\u00e0rea de cultura i llengua per l&#8217;any 2015. La concessi\u00f3 d\u2019ajudes i subvencions econ\u00f2miques que entrega el Conselh Generau d\u2019Aran a l&#8217;<em>\u00e0rea de la difusi\u00f3 i dinamitzaci\u00f3 cultural a la Val d\u2019Aran.<\/em><\/p>\n<p>L&#8217;\u00e0mbit temporal d\u2019execuci\u00f3 de les activitats per realitzar comprendr\u00e0 el terme compr\u00e8s entre el 1 de gener de 2016 i el 31 de desembre de 2016.<\/p>\n<p><a href=\"http:\/\/www.conselharan.org\/wp-content\/uploads\/2016\/02\/Convocat\u00f2ria-subvencions-Cultura-2016.pdf\">Convocat\u00f2ria subvencions Cultura 2016<\/a><\/p>\n<p>&nbsp;<\/p>\n<p><a href=\"http:\/\/www.conselharan.org\/wp-content\/uploads\/2016\/02\/subencions-sortida_def-1024x397.jpg\"><img loading=\"lazy\" decoding=\"async\" class=\"aligncenter size-large wp-image-10369\" src=\"http:\/\/www.conselharan.org\/wp-content\/uploads\/2016\/02\/subencions-sortida_def-1024x397-1024x397.jpg\" alt=\"subencions-sortida_def-1024x397\" width=\"1024\" height=\"397\" srcset=\"https:\/\/www.conselharan.org\/wp-content\/uploads\/2016\/02\/subencions-sortida_def-1024x397.jpg 1024w, https:\/\/www.conselharan.org\/wp-content\/uploads\/2016\/02\/subencions-sortida_def-1024x397-300x116.jpg 300w\" sizes=\"(max-width: 1024px) 100vw, 1024px\" \/><\/a><\/p>\n<p><strong>b) Subvencions en l\u2019\u00e0rea d\u2019esports.<\/strong><\/p>\n<p>El Conselh de Gov\u00e8rn del Conselh Generau d\u2019Aran de data 2 de febrer de 2016 va aprovar la convocat\u00f2ria per la concessi\u00f3 de subvencions a l&#8217;\u00e0rea d\u2019esports per l&#8217;any 2016. La concessi\u00f3 d\u2019ajudes i subvencions econ\u00f2miques que entrega el Conselh Generau d\u2019Aran a l&#8217;<em>\u00e0rea d\u2019esports a la Val d\u2019Aran<\/em>.<\/p>\n<p>L&#8217;\u00e0mbit temporal d\u2019execuci\u00f3 de les activitats per realitzar comprendr\u00e0 el terme compr\u00e8s entre el 1 de gener de 2016 i el 31 de desembre de 2016.<\/p>\n<p><a href=\"http:\/\/www.conselharan.org\/wp-content\/uploads\/2016\/02\/Convocat\u00f2ria-subvencions-Esports-2016.pdf\">Convocat\u00f2ria subvencions Esports 2016<\/a><\/p>\n<p>&nbsp;<\/p>\n<p><a href=\"http:\/\/www.conselharan.org\/wp-content\/uploads\/2016\/02\/donacio-de-sang-002-1.jpg\"><img loading=\"lazy\" decoding=\"async\" class=\"aligncenter size-large wp-image-10370\" src=\"http:\/\/www.conselharan.org\/wp-content\/uploads\/2016\/02\/donacio-de-sang-002-1-1024x768.jpg\" alt=\"donacio de sang 002 (1)\" width=\"1024\" height=\"768\" srcset=\"https:\/\/www.conselharan.org\/wp-content\/uploads\/2016\/02\/donacio-de-sang-002-1-1024x768.jpg 1024w, https:\/\/www.conselharan.org\/wp-content\/uploads\/2016\/02\/donacio-de-sang-002-1-300x225.jpg 300w\" sizes=\"(max-width: 1024px) 100vw, 1024px\" \/><\/a><\/p>\n<p><strong>c) Subvencions a diverses \u00e0rees.<\/strong><\/p>\n<p>El Conselh de Gov\u00e8rn del Conselh Generau d\u2019Aran de data 2 de febrer de 2016 va aprovar la convocat\u00f2ria per la concessi\u00f3 de subvencions a diverses \u00e0rees per l&#8217;any 2016.<\/p>\n<p>La concessi\u00f3 d\u2019ajudes i subvencions econ\u00f2miques que entrega el Conselh Generau d\u2019Aran a les \u00e0rees de:<em> medi ambient, acci\u00f3 social, joventut, ensenyament i promoci\u00f3 tur\u00edstica a la Val d\u2019Aran.<\/em><\/p>\n<p>L&#8217;\u00e0mbit temporal d\u2019execuci\u00f3 de les activitats per realitzar comprendr\u00e0 el terme compr\u00e8s entre el 1 de gener de 2016 i el 31 de desembre de 2016.<\/p>\n<p><a href=\"http:\/\/www.conselharan.org\/wp-content\/uploads\/2016\/02\/Convocat\u00f2ria-Subvencions-Especifiques-auti-ambits-2016.pdf\">Convocat\u00f2ria Subvencions Especifiques auti ambits 2016<\/a><\/p>\n<p>&nbsp;<\/p>\n<p>&nbsp;<\/p>\n<p><strong>M\u00e9s informaci\u00f3 i documentaci\u00f3:<\/strong><\/p>\n<p><a href=\"http:\/\/www.conselharan.org\/wp-content\/uploads\/2016\/02\/Model-A-de-sol\u00b7licitud-de-subvencions.pdf\">Model A de sol\u00b7licitud de subvencions<\/a><\/p>\n<p><a href=\"http:\/\/www.conselharan.org\/wp-content\/uploads\/2016\/02\/Model-B-de-justificaci\u00f3-de-subvencions.pdf\">Model B de justificaci\u00f3 de subvencions<\/a><\/p>\n<p><a href=\"http:\/\/www.conselharan.org\/wp-content\/uploads\/2016\/02\/Model-C-de-dades-banc\u00e0ries-subvencions.pdf\">Model C de dades banc\u00e0ries subvencions<\/a><\/p>\n<p>&nbsp;<\/p>\n<p><a href=\"https:\/\/www.seu-e.cat\/web\/conselhgeneraudaran\/govern-obert-i-transparencia\/contractes-convenis-i-subvencions\/convenis-i-subvencions\/convocatories-de-subvencions-i-ajuts\" target=\"_blank\">https:\/\/www.seu-e.cat\/web\/conselhgeneraudaran\/govern-obert-i-transparencia\/contractes-convenis-i-subvencions\/convenis-i-subvencions\/convocatories-de-subvencions-i-ajuts<\/a><\/p>\n<p>&nbsp;<\/p>\n<p>&nbsp;<\/p>\n<p>Vielha, 18 de febrer de 2016<\/p>\n<p>&nbsp;<\/p>\n<p><em>Conselh Generau d&#8217;Aran: N\u00faria Sanjuan<\/em><\/p>\n ","protected":false},"excerpt":{"rendered":"<p>\u2022 El termini de presentaci\u00f3 de sol\u2022licituds acaba el 2 de maig de 2016. Els diversos \u00e0mbits objecte d\u2019aquestes convocat\u00f2ries s\u00f3n els seg\u00fcents: a) Subvencions en l&#8217;\u00e0rea de cultura i llengua. El Conselh de Gov\u00e8rn del Conselh Generau d\u2019Aran de data 2 de febrer de 2016 va aprovar la convocat\u00f2ria per la concessi\u00f3 de subvencions&#8230;<\/p>\n","protected":false},"author":2,"featured_media":10367,"comment_status":"closed","ping_status":"closed","sticky":false,"template":"","format":"standard","meta":{"footnotes":""},"categories":[33,36],"tags":[],"_links":{"self":[{"href":"https:\/\/www.conselharan.org\/ca\/wp-json\/wp\/v2\/posts\/10376"}],"collection":[{"href":"https:\/\/www.conselharan.org\/ca\/wp-json\/wp\/v2\/posts"}],"about":[{"href":"https:\/\/www.conselharan.org\/ca\/wp-json\/wp\/v2\/types\/post"}],"author":[{"embeddable":true,"href":"https:\/\/www.conselharan.org\/ca\/wp-json\/wp\/v2\/users\/2"}],"replies":[{"embeddable":true,"href":"https:\/\/www.conselharan.org\/ca\/wp-json\/wp\/v2\/comments?post=10376"}],"version-history":[{"count":1,"href":"https:\/\/www.conselharan.org\/ca\/wp-json\/wp\/v2\/posts\/10376\/revisions"}],"predecessor-version":[{"id":10377,"href":"https:\/\/www.conselharan.org\/ca\/wp-json\/wp\/v2\/posts\/10376\/revisions\/10377"}],"wp:featuredmedia":[{"embeddable":true,"href":"https:\/\/www.conselharan.org\/ca\/wp-json\/wp\/v2\/media\/10367"}],"wp:attachment":[{"href":"https:\/\/www.conselharan.org\/ca\/wp-json\/wp\/v2\/media?parent=10376"}],"wp:term":[{"taxonomy":"category","embeddable":true,"href":"https:\/\/www.conselharan.org\/ca\/wp-json\/wp\/v2\/categories?post=10376"},{"taxonomy":"post_tag","embeddable":true,"href":"https:\/\/www.conselharan.org\/ca\/wp-json\/wp\/v2\/tags?post=10376"}],"curies":[{"name":"wp","href":"https:\/\/api.w.org\/{rel}","templated":true}]}}