{"id":10384,"date":"2016-02-18T15:07:30","date_gmt":"2016-02-18T14:07:30","guid":{"rendered":"http:\/\/www.conselharan.org\/ca\/?p=10384"},"modified":"2016-02-18T15:07:35","modified_gmt":"2016-02-18T14:07:35","slug":"setmana-de-molta-neu-a-baqueira-beret-amb-espessors-en-pistes-de-fins-a-175-cm","status":"publish","type":"post","link":"https:\/\/www.conselharan.org\/ca\/setmana-de-molta-neu-a-baqueira-beret-amb-espessors-en-pistes-de-fins-a-175-cm\/","title":{"rendered":"Setmana de molta neu a Baqueira Beret amb espessors en pistes de fins a 175 cm"},"content":{"rendered":"<p><strong>Al llarg d&#8217;aquesta setmana les nevades han estat molt presents a la Val d&#8217;Aran deixant una suma de neu acumulada de fins a 70 cm. <\/strong><\/p>\n<p><strong>El dissabte 20 de febrer es disputar\u00e0 la m\u00edtica &#8220;quattro Era Baishada&#8221; a Beret amb molt bones condicions de neu i una bona previsi\u00f3 meteorol\u00f2gica.<\/strong><\/p>\n<p><a href=\"http:\/\/www.conselharan.org\/wp-content\/uploads\/2016\/02\/Baqueira17feb-3.jpeg\"><img loading=\"lazy\" decoding=\"async\" class=\"aligncenter size-large wp-image-10382\" src=\"http:\/\/www.conselharan.org\/wp-content\/uploads\/2016\/02\/Baqueira17feb-3-1024x678.jpeg\" alt=\"Baqueira17feb-3\" width=\"1024\" height=\"678\" srcset=\"https:\/\/www.conselharan.org\/wp-content\/uploads\/2016\/02\/Baqueira17feb-3-1024x678.jpeg 1024w, https:\/\/www.conselharan.org\/wp-content\/uploads\/2016\/02\/Baqueira17feb-3-300x199.jpeg 300w, https:\/\/www.conselharan.org\/wp-content\/uploads\/2016\/02\/Baqueira17feb-3.jpeg 1280w\" sizes=\"(max-width: 1024px) 100vw, 1024px\" \/><\/a><\/p>\n<p>La meteorologia plenament hivernal ha estat la protagonista d&#8217;aquesta tercera setmana de febrer amb dies de fortes nevades, com el dilluns amb 20 cm o el dimarts amb uns generosos 40 cm m\u00e9s. Tamb\u00e9 hi ha hagut dies de molt sol i intens fred, fins a -15\u00baC a primera hora del mat\u00ed del dimecres, on la paraula &#8220;ideal&#8221; es queda curta per definir el gran dia d&#8217;esqu\u00ed. En aquests moments l&#8217;estaci\u00f3 disposa d&#8217;uns espessors en pistes d&#8217;entre 90 i 175 cm.<\/p>\n<p>De cara al cap de setmana la previsi\u00f3 meteorol\u00f2gica \u00e9s bona i s&#8217;espera obrir la pr\u00e0ctica totalitat de les instal\u2022lacions de l&#8217;estaci\u00f3 si les condicions ho permeten i el pron\u00f2stic es mant\u00e9. De fet, aquesta setmana ja s&#8217;han arribat als 145 km oberts dels 150 que disposa Baqueira Beret. A m\u00e9s, els 34 remuntadors de l&#8217;estaci\u00f3 estan ja en funcionament des de fa uns dies.<\/p>\n<p>Tant el circuit de fons com el boardercross estan oberts i els equips t\u00e8cnics estan treballant en el snowpark. En aquests moments s&#8217;estan reconstruint els m\u00f2duls amb l&#8217;objectiu de tenir-ho obert el cap de setmana.<\/p>\n<p>&nbsp;<\/p>\n<p><strong>AGENDA<\/strong><\/p>\n<p>III quattro Era Baishada: Dissabte que ve 20 de febrer, Baqueira Beret ser\u00e0 l&#8217;escenari de la tercera edici\u00f3 de la carrera Open d&#8217;esqu\u00ed alp\u00ed quattro Era Baishada, patrocinada per Audi, en la qual els corredors hauran de superar un tra\u00e7at amb seccions de paral\u2022lel, s\u00faper-g, salts, quil\u00f2metre llan\u00e7at, gegant i skicross. Es tracta d&#8217;una prova oberta a esquiadors, federats o no, de les categories compreses entre Juvenils i Veterans D i en la qual hi han molts premis.<\/p>\n<p>Inscripcions a: <a href=\"http:\/\/www.quattroerabaishada.com\" target=\"_blank\">www.quattroerabaishada.com<\/a><\/p>\n<p>&nbsp;<\/p>\n<p>&nbsp;<\/p>\n<p>Vielha, 18 de febrer de 2016<\/p>\n<p>&nbsp;<\/p>\n<p>&nbsp;<\/p>\n<p><em>Conselh Generau d&#8217;Aran: N\u00faria Sanjuan<\/em><\/p>\n<p><em>Font: Baqueira Beret<\/em><\/p>\n ","protected":false},"excerpt":{"rendered":"<p>Al llarg d&#8217;aquesta setmana les nevades han estat molt presents a la Val d&#8217;Aran deixant una suma de neu acumulada de fins a 70 cm. El dissabte 20 de febrer es disputar\u00e0 la m\u00edtica &#8220;quattro Era Baishada&#8221; a Beret amb molt bones condicions de neu i una bona previsi\u00f3 meteorol\u00f2gica. La meteorologia plenament hivernal ha&#8230;<\/p>\n","protected":false},"author":2,"featured_media":10382,"comment_status":"closed","ping_status":"closed","sticky":false,"template":"","format":"standard","meta":{"footnotes":""},"categories":[33],"tags":[],"_links":{"self":[{"href":"https:\/\/www.conselharan.org\/ca\/wp-json\/wp\/v2\/posts\/10384"}],"collection":[{"href":"https:\/\/www.conselharan.org\/ca\/wp-json\/wp\/v2\/posts"}],"about":[{"href":"https:\/\/www.conselharan.org\/ca\/wp-json\/wp\/v2\/types\/post"}],"author":[{"embeddable":true,"href":"https:\/\/www.conselharan.org\/ca\/wp-json\/wp\/v2\/users\/2"}],"replies":[{"embeddable":true,"href":"https:\/\/www.conselharan.org\/ca\/wp-json\/wp\/v2\/comments?post=10384"}],"version-history":[{"count":1,"href":"https:\/\/www.conselharan.org\/ca\/wp-json\/wp\/v2\/posts\/10384\/revisions"}],"predecessor-version":[{"id":10385,"href":"https:\/\/www.conselharan.org\/ca\/wp-json\/wp\/v2\/posts\/10384\/revisions\/10385"}],"wp:featuredmedia":[{"embeddable":true,"href":"https:\/\/www.conselharan.org\/ca\/wp-json\/wp\/v2\/media\/10382"}],"wp:attachment":[{"href":"https:\/\/www.conselharan.org\/ca\/wp-json\/wp\/v2\/media?parent=10384"}],"wp:term":[{"taxonomy":"category","embeddable":true,"href":"https:\/\/www.conselharan.org\/ca\/wp-json\/wp\/v2\/categories?post=10384"},{"taxonomy":"post_tag","embeddable":true,"href":"https:\/\/www.conselharan.org\/ca\/wp-json\/wp\/v2\/tags?post=10384"}],"curies":[{"name":"wp","href":"https:\/\/api.w.org\/{rel}","templated":true}]}}