{"id":10402,"date":"2016-02-19T13:37:28","date_gmt":"2016-02-19T12:37:28","guid":{"rendered":"http:\/\/www.conselharan.org\/ca\/?p=10402"},"modified":"2016-02-19T13:37:46","modified_gmt":"2016-02-19T12:37:46","slug":"presenten-a-la-val-daran-els-ajuts-del-programa-leader","status":"publish","type":"post","link":"https:\/\/www.conselharan.org\/ca\/presenten-a-la-val-daran-els-ajuts-del-programa-leader\/","title":{"rendered":"Presenten a la Val d\u2019Aran els ajuts del programa \u201cLeader\u201d"},"content":{"rendered":"<p><strong>El termini de presentaci\u00f3 de les ajudes finalitzar\u00e0 el proper 21 de mar\u00e7.<\/strong><\/p>\n<p><strong>Les persones interessades poden informar-se sobre les ajudes en la seu del Conselh Generau d\u2019Aran demanant hora.<\/strong><\/p>\n<p>&nbsp;<\/p>\n<p><a href=\"http:\/\/www.conselharan.org\/wp-content\/uploads\/2016\/02\/leader_conselh\u00e8ra.jpg\"><img loading=\"lazy\" decoding=\"async\" class=\"aligncenter size-large wp-image-10398\" src=\"http:\/\/www.conselharan.org\/wp-content\/uploads\/2016\/02\/leader_conselh\u00e8ra-1024x499.jpg\" alt=\"leader_conselh\u00e8ra\" width=\"1024\" height=\"499\" srcset=\"https:\/\/www.conselharan.org\/wp-content\/uploads\/2016\/02\/leader_conselh\u00e8ra-1024x499.jpg 1024w, https:\/\/www.conselharan.org\/wp-content\/uploads\/2016\/02\/leader_conselh\u00e8ra-300x146.jpg 300w\" sizes=\"(max-width: 1024px) 100vw, 1024px\" \/><\/a><\/p>\n<p><em>\u00a0 La conselh\u00e8ra de Turisme i Desenvolupament Econ\u00f2mic d&#8217;Aran, Anna D\u00edaz, a la presentaci\u00f3 dels ajuts.\u00a0<\/em><\/p>\n<p>&nbsp;<\/p>\n<p>El Conselh Generau d\u2019Aran ha presentat a les microempreses, petites i mitjanes empreses de la Val d\u2019Aran les noves ajudes europees LEADER 2016, que<strong> per primera vegada podran beneficiar-se&#8217;n tots els particulars de la Val d\u2019Aran interessats en impulsar un projecte empresarial generador d\u2019activitat econ\u00f2mica, aix\u00ed com els ajuntaments de la Val d\u2019Aran.<\/strong><\/p>\n<p>El 2015 el Gov\u00e8rn d\u2019Aran va aconseguir materialitzar aquest fet reivindicat per la Val d\u2019Aran, que ha de suposar un impuls important al desenvolupament econ\u00f2mic del territori.<\/p>\n<p>&nbsp;<\/p>\n<p><a href=\"http:\/\/www.conselharan.org\/wp-content\/uploads\/2016\/02\/leader2.jpg\"><img loading=\"lazy\" decoding=\"async\" class=\"aligncenter size-large wp-image-10399\" src=\"http:\/\/www.conselharan.org\/wp-content\/uploads\/2016\/02\/leader2-1024x687.jpg\" alt=\"leader\" width=\"1024\" height=\"687\" srcset=\"https:\/\/www.conselharan.org\/wp-content\/uploads\/2016\/02\/leader2-1024x687.jpg 1024w, https:\/\/www.conselharan.org\/wp-content\/uploads\/2016\/02\/leader2-300x201.jpg 300w\" sizes=\"(max-width: 1024px) 100vw, 1024px\" \/><\/a><\/p>\n<p>&nbsp;<\/p>\n<p>El<strong> Departament d\u2019Agricultura, Ramaderia, Pesca i Alimentaci\u00f3 (DARP)<\/strong> de la Generalitat de Catalunya, ha seleccionat 11 Grups d\u2019Acci\u00f3 Local (GAL) Leader, per aplicar el desenvolupament local participatiu Leader en el marc del Programa de Desenvolupament Rural ( PDR) de Catalunya 2014-2020.<\/p>\n<p>Un dels objectius principals del GAL \u00e9s la dinamitzaci\u00f3 territorial i la divulgaci\u00f3 dels seus projectes m\u00e9s estrat\u00e8gics i bones pr\u00e0ctiques, juntament amb la gesti\u00f3 de les ajudes, que convoca anualment el DARP per fomentar la realitzaci\u00f3 d\u2019inversions que generin activitat econ\u00f2mica a les zones rurals i fomenten la creaci\u00f3 i\/o manteniment de llocs de treball, principalment de dones i de joves, en accions de millora dels processos de transformaci\u00f3 i comercialitzaci\u00f3 dels productes agraris, creaci\u00f3 i desenvolupament de microempreses, foment d\u2019activitats tur\u00edstiques, i conservaci\u00f3 i millora del patrimoni rural.<\/p>\n<p>&nbsp;<\/p>\n<p><a href=\"http:\/\/www.conselharan.org\/wp-content\/uploads\/2016\/02\/leader11.jpg\"><img loading=\"lazy\" decoding=\"async\" class=\"aligncenter size-large wp-image-10400\" src=\"http:\/\/www.conselharan.org\/wp-content\/uploads\/2016\/02\/leader11-1024x621.jpg\" alt=\"leader1\" width=\"1024\" height=\"621\" srcset=\"https:\/\/www.conselharan.org\/wp-content\/uploads\/2016\/02\/leader11-1024x621.jpg 1024w, https:\/\/www.conselharan.org\/wp-content\/uploads\/2016\/02\/leader11-300x182.jpg 300w\" sizes=\"(max-width: 1024px) 100vw, 1024px\" \/><\/a><\/p>\n<p>&nbsp;<\/p>\n<p>En paraules de la conselh\u00e8ra de Turisme i Desenvolupament Econ\u00f2mic d\u2019Aran, <strong>Anna D\u00edaz, \u201camb aquesta presentaci\u00f3 volem donar a con\u00e8ixer els ajuts LEADER que s\u2019apliquen en d\u2019estrat\u00e8gies de desenvolupament rural, i m\u00e9s concretament en la creaci\u00f3 i desenvolupament de microempreses, foment d\u2019activitats tur\u00edstiques i conservaci\u00f3 i millora del patrimoni rural\u201d.<\/strong><\/p>\n<p><strong>D\u00edaz<\/strong> ha afegit \u201c<strong>els ajuts Leader pretenen fomentar la realitzaci\u00f3 d\u2019inversions que generin activitat econ\u00f2mica amb accions adre\u00e7ades per fomentar la reactivaci\u00f3 econ\u00f2mica i la creaci\u00f3 d\u2019ocupaci\u00f3\u201d<\/strong>.<\/p>\n<p>Les persones interessades poden informar-se sobre les ajudes en la seu del Conselh Generau d\u2019Aran demanant hora amb Judit Jaquet en <a href=\"mailto:j.jaquet@aran.org\" target=\"_blank\">j.jaquet@aran.org<\/a> o en tel. 973 64 18 01.<\/p>\n<p>&nbsp;<\/p>\n<p>&nbsp;<\/p>\n<p>Vielha, 19 de febrer de 2016<\/p>\n<p>&nbsp;<\/p>\n<p>&nbsp;<\/p>\n<p><em>Conselh Generau d&#8217;Aran: N\u00faria Sanjuan<\/em><\/p>\n ","protected":false},"excerpt":{"rendered":"<p>El termini de presentaci\u00f3 de les ajudes finalitzar\u00e0 el proper 21 de mar\u00e7. Les persones interessades poden informar-se sobre les ajudes en la seu del Conselh Generau d\u2019Aran demanant hora. &nbsp; \u00a0 La conselh\u00e8ra de Turisme i Desenvolupament Econ\u00f2mic d&#8217;Aran, Anna D\u00edaz, a la presentaci\u00f3 dels ajuts.\u00a0 &nbsp; El Conselh Generau d\u2019Aran ha presentat a&#8230;<\/p>\n","protected":false},"author":2,"featured_media":10398,"comment_status":"closed","ping_status":"closed","sticky":false,"template":"","format":"standard","meta":{"footnotes":""},"categories":[53,36],"tags":[],"_links":{"self":[{"href":"https:\/\/www.conselharan.org\/ca\/wp-json\/wp\/v2\/posts\/10402"}],"collection":[{"href":"https:\/\/www.conselharan.org\/ca\/wp-json\/wp\/v2\/posts"}],"about":[{"href":"https:\/\/www.conselharan.org\/ca\/wp-json\/wp\/v2\/types\/post"}],"author":[{"embeddable":true,"href":"https:\/\/www.conselharan.org\/ca\/wp-json\/wp\/v2\/users\/2"}],"replies":[{"embeddable":true,"href":"https:\/\/www.conselharan.org\/ca\/wp-json\/wp\/v2\/comments?post=10402"}],"version-history":[{"count":1,"href":"https:\/\/www.conselharan.org\/ca\/wp-json\/wp\/v2\/posts\/10402\/revisions"}],"predecessor-version":[{"id":10403,"href":"https:\/\/www.conselharan.org\/ca\/wp-json\/wp\/v2\/posts\/10402\/revisions\/10403"}],"wp:featuredmedia":[{"embeddable":true,"href":"https:\/\/www.conselharan.org\/ca\/wp-json\/wp\/v2\/media\/10398"}],"wp:attachment":[{"href":"https:\/\/www.conselharan.org\/ca\/wp-json\/wp\/v2\/media?parent=10402"}],"wp:term":[{"taxonomy":"category","embeddable":true,"href":"https:\/\/www.conselharan.org\/ca\/wp-json\/wp\/v2\/categories?post=10402"},{"taxonomy":"post_tag","embeddable":true,"href":"https:\/\/www.conselharan.org\/ca\/wp-json\/wp\/v2\/tags?post=10402"}],"curies":[{"name":"wp","href":"https:\/\/api.w.org\/{rel}","templated":true}]}}