{"id":10412,"date":"2016-02-19T19:00:40","date_gmt":"2016-02-19T18:00:40","guid":{"rendered":"http:\/\/www.conselharan.org\/ca\/?p=10412"},"modified":"2016-02-19T19:00:40","modified_gmt":"2016-02-19T18:00:40","slug":"augmenta-el-nombre-de-turistes-anglesos-i-francesos-que-visiten-la-val-daran","status":"publish","type":"post","link":"https:\/\/www.conselharan.org\/ca\/augmenta-el-nombre-de-turistes-anglesos-i-francesos-que-visiten-la-val-daran\/","title":{"rendered":"Augmenta el nombre de turistes anglesos i francesos que visiten la Val d\u2019Aran"},"content":{"rendered":"<p><strong>La presencia de Torisme Val d\u2019Aran i Baqueira Beret al Ski Show de Londres i l\u2019obertura de l\u2019oficina tur\u00edstica a Toulouse el mes d\u2019octubre passat confirmen la tend\u00e8ncia a l\u2019al\u00e7a<\/strong><\/p>\n<p>Vielha 18 de febrer de 2016.- A falta de la confirmaci\u00f3 oficial amb dades concretes, que es faran publiques a final d\u2019aquest mes de febrer, es constata el increment de visitants anglesos i francesos a la Val d\u2019Aran durant aquesta temporada d\u2019hivern, coincidint a m\u00e9s aquests dies de la punta de la temporada alta a la Val d\u2019Aran, amb la celebraci\u00f3 de les festes de carnaval a Fran\u00e7a, que fa que tradicionalment els turistes francesos ens visitin per aquestes dates.<\/p>\n<p><a href=\"http:\/\/www.conselharan.org\/wp-content\/uploads\/2016\/02\/Val-dAran-002.jpg\"><img loading=\"lazy\" decoding=\"async\" class=\"aligncenter size-full wp-image-10408\" src=\"http:\/\/www.conselharan.org\/wp-content\/uploads\/2016\/02\/Val-dAran-002.jpg\" alt=\"Val d'Aran-002\" width=\"626\" height=\"406\" srcset=\"https:\/\/www.conselharan.org\/wp-content\/uploads\/2016\/02\/Val-dAran-002.jpg 626w, https:\/\/www.conselharan.org\/wp-content\/uploads\/2016\/02\/Val-dAran-002-300x195.jpg 300w\" sizes=\"(max-width: 626px) 100vw, 626px\" \/><\/a><\/p>\n<p>Els motius de\u00a0 l\u2019augment del nombre de turistes anglesos el trobem en la pres\u00e8ncia conjunta de <strong>Torisme Val d\u2019Aran<\/strong> i <strong>Baqueira Beret<\/strong> en esdeveniments tur\u00edstics de primer ordre com el <strong>Ski Show <\/strong>de Londres,\u00a0 on a banda de promocionar l\u2019amplia oferta d\u2019esqu\u00ed de l\u2019estaci\u00f3 de Baqueira Beret, es va donar a con\u00e8ixer als operadors anglesos i als potencials clients directes tota l\u2019oferta tur\u00edstica complement\u00e0ria aix\u00ed com l\u2019oferta cultural, gastron\u00f2mica i hotelera de la Val d\u2019Aran, per atraure m\u00e9s turistes anglesos durant tot l\u2019any. En el mateix Ski Show, es va impulsar l\u2019acci\u00f3 conjunta de l\u2019Ag\u00e8ncia Catalana de Turisme, el Patronat de Turisme de la Diputaci\u00f3 de Lleida i Torisme Val d\u2019Aran, consistent en convidar a diferents periodistes anglesos a la Val d\u2019Aran, perqu\u00e8 publiquessin la seva experi\u00e8ncia a casa nostra en els mitjans de comunicaci\u00f3 del seu pa\u00eds.<\/p>\n<p>D\u2019altra banda, la posada en funcionament el passat mes d\u2019octubre de la nova <strong>oficina tur\u00edstica gestionada conjuntament per Torisme Val d\u2019Aran i Baqueira Beret a la Rue du Pharaon n\u00ba 39, de Toulouse<\/strong>, ha perm\u00e8s coordinar les accions amb l\u2019oficina que fa anys te establerta Baqueira Beret a Bordeus per promocionar i dinamitzar durant tot l\u2019any la Val d\u2019Aran i que els turistes de la part sud-oest de Fran\u00e7a tinguin m\u00e9s informaci\u00f3 i comencin a interessar-se tamb\u00e9 per les possibilitats que els ofereix la Val d\u2019Aran fora de la temporada d\u2019hivern.<\/p>\n<p><strong>\u201cQue hi ha un major nombre de turistes francesos i anglesos a la Val d\u2019Aran, ens ho diuen els empresaris tur\u00edstics aranesos en el nostre contacte diari<\/strong>, ha dit <strong>Anna D\u00edaz<\/strong>, que ha confirmat <strong>que les dades oficials es faran p\u00fabliques a final d\u2019aquest mes de febrer, coincidint amb la presentaci\u00f3 oficial als socis de Foment Torisme Val d\u2019Aran, del Pla Estrat\u00e8gic de Turisme Val d\u2019Aran pel per\u00edode 2016-2020\u201d.<\/strong><\/p>\n<p>La conselh\u00e8ra de Turisme i Desenvolupament Econ\u00f2mic del Conselh Generau d\u2019Aran, ha volgut recordar que aquest increment de turistes, es deu a la <strong>qualitat de l\u2019oferta tur\u00edstica global que ofereix la Val d\u2019Aran,<\/strong> en quant a serveis, activitats complement\u00e0ries a la pr\u00e0ctica de l\u2019esqu\u00ed, i a la categoria de totes les infraestructures tur\u00edstiques de la Val d\u2019Aran, que \u00e9s reconegut arreu com un dest\u00ed tur\u00edstic de primera l\u00ednea, al que \u00a0tamb\u00e9 han contribu\u00eft els reconeixements que en els darrers temps ha rebut la Val d\u2019Aran, entre els quals destaquen el de\u00a0<strong>destinaci\u00f3 sostenible\u00a0<\/strong><strong><em>Biosphere<\/em><\/strong>\u00a0atorgat pel\u00a0<em>Global Sustainable Tourism Council de la Fundaci\u00f3n Naciones Unidas<\/em>\u00a0, finalista en els\u00a0<strong>Destination Leadership<\/strong>\u00a0atorgats per la\u00a0<em>National Geographic Society<\/em>\u00a0i la\u00a0<strong>ITB de Berl\u00edn<\/strong>; o m\u00e9s recentment el que acredita a la Val d\u2019Aran com a\u00a0<strong>Destinaci\u00f3 Tur\u00edstica Intel\u00b7ligent (DTI)<\/strong> rebut en l\u2019edici\u00f3 d\u2019aquest 2016 de la Fira Internacional del Turisme- FITUR.<\/p>\n ","protected":false},"excerpt":{"rendered":"<p>La presencia de Torisme Val d\u2019Aran i Baqueira Beret al Ski Show de Londres i l\u2019obertura de l\u2019oficina tur\u00edstica a Toulouse el mes d\u2019octubre passat confirmen la tend\u00e8ncia a l\u2019al\u00e7a Vielha 18 de febrer de 2016.- A falta de la confirmaci\u00f3 oficial amb dades concretes, que es faran publiques a final d\u2019aquest mes de febrer,&#8230;<\/p>\n","protected":false},"author":2,"featured_media":10408,"comment_status":"closed","ping_status":"closed","sticky":false,"template":"","format":"standard","meta":{"footnotes":""},"categories":[53,36],"tags":[],"_links":{"self":[{"href":"https:\/\/www.conselharan.org\/ca\/wp-json\/wp\/v2\/posts\/10412"}],"collection":[{"href":"https:\/\/www.conselharan.org\/ca\/wp-json\/wp\/v2\/posts"}],"about":[{"href":"https:\/\/www.conselharan.org\/ca\/wp-json\/wp\/v2\/types\/post"}],"author":[{"embeddable":true,"href":"https:\/\/www.conselharan.org\/ca\/wp-json\/wp\/v2\/users\/2"}],"replies":[{"embeddable":true,"href":"https:\/\/www.conselharan.org\/ca\/wp-json\/wp\/v2\/comments?post=10412"}],"version-history":[{"count":1,"href":"https:\/\/www.conselharan.org\/ca\/wp-json\/wp\/v2\/posts\/10412\/revisions"}],"predecessor-version":[{"id":10413,"href":"https:\/\/www.conselharan.org\/ca\/wp-json\/wp\/v2\/posts\/10412\/revisions\/10413"}],"wp:featuredmedia":[{"embeddable":true,"href":"https:\/\/www.conselharan.org\/ca\/wp-json\/wp\/v2\/media\/10408"}],"wp:attachment":[{"href":"https:\/\/www.conselharan.org\/ca\/wp-json\/wp\/v2\/media?parent=10412"}],"wp:term":[{"taxonomy":"category","embeddable":true,"href":"https:\/\/www.conselharan.org\/ca\/wp-json\/wp\/v2\/categories?post=10412"},{"taxonomy":"post_tag","embeddable":true,"href":"https:\/\/www.conselharan.org\/ca\/wp-json\/wp\/v2\/tags?post=10412"}],"curies":[{"name":"wp","href":"https:\/\/api.w.org\/{rel}","templated":true}]}}