{"id":10418,"date":"2016-02-22T19:07:14","date_gmt":"2016-02-22T18:07:14","guid":{"rendered":"http:\/\/www.conselharan.org\/ca\/?p=10418"},"modified":"2016-02-22T19:07:14","modified_gmt":"2016-02-22T18:07:14","slug":"el-ple-del-conselh-generau-daran-aprova-inicialment-la-modificacio-del-regim-de-gestio-del-servei-demergencies","status":"publish","type":"post","link":"https:\/\/www.conselharan.org\/ca\/el-ple-del-conselh-generau-daran-aprova-inicialment-la-modificacio-del-regim-de-gestio-del-servei-demergencies\/","title":{"rendered":"El Ple del Conselh Generau d\u2019Aran aprova inicialment la modificaci\u00f3 del r\u00e8gim de gesti\u00f3 del servei d\u2019emerg\u00e8ncies"},"content":{"rendered":"<p><strong>El Ple tamb\u00e9 aprova el padr\u00f3 de cobrament de la taxa del servei de recollida d\u2019escombraries i l\u2019aplicaci\u00f3 del increment de l\u20191% en les retribucions del personal del sector p\u00fablic del Conselh Generau d\u2019Aran<\/strong><\/p>\n<p><a href=\"http:\/\/www.conselharan.org\/wp-content\/uploads\/2016\/02\/DSC_0150-001.jpg\"><img loading=\"lazy\" decoding=\"async\" class=\"aligncenter size-large wp-image-10416\" src=\"http:\/\/www.conselharan.org\/wp-content\/uploads\/2016\/02\/DSC_0150-001-1024x559.jpg\" alt=\"DSC_0150-001\" width=\"1024\" height=\"559\" srcset=\"https:\/\/www.conselharan.org\/wp-content\/uploads\/2016\/02\/DSC_0150-001-1024x559.jpg 1024w, https:\/\/www.conselharan.org\/wp-content\/uploads\/2016\/02\/DSC_0150-001-300x164.jpg 300w\" sizes=\"(max-width: 1024px) 100vw, 1024px\" \/><\/a><\/p>\n<p>Vielha, 22 de febrer de 2016.- El Ple del <strong>Conselh Generau d\u2019Aran<\/strong> amb els vots a favor del Govern d\u2019Aran i l\u2019abstenci\u00f3 de la resta de grups, ha aprovat <strong>iniciar l\u2019expedient per a la modificaci\u00f3 en r\u00e8gim de gesti\u00f3 del servei d\u2019emerg\u00e8ncies, prevenci\u00f3 i extinci\u00f3 d\u2019incendis, rescats de muntanya i protecci\u00f3 civil. <\/strong><\/p>\n<p>El sindic d\u2019Aran <strong>Carlos Barrera<\/strong>, ha assenyalat que <strong>\u201cla societat actual \u00e9s cada cop m\u00e9s exigent pel que fa a la demanda de prestaci\u00f3 dels serveis d\u2019emerg\u00e8ncies i la Val d\u2019Aran no \u00e9s una excepci\u00f3, per aix\u00f2 cal una nova estructura per a la gesti\u00f3 i la prestaci\u00f3 del servei d\u2019emerg\u00e8ncies\u201d.\u00a0 <\/strong><\/p>\n<p><strong>Barrera<\/strong>, ha afegit que <strong>\u201cm\u00e9s del 80% d\u2019aquesta demanda \u00e9s de transport i emerg\u00e8ncia sanit\u00e0ria. L\u2019aprovaci\u00f3 de la nova Llei d\u2019Aran ha continuat, permet iniciar el proc\u00e9s cap al model \u00fanic de gesti\u00f3 integral del servei d\u2019emerg\u00e8ncies amb el que hi est\u00e0 d\u2019acord el 99% del col\u00b7lectiu que actualment presta aquest servei\u201d<\/strong>. El sindic d\u2019Aran, tamb\u00e9 ha explicat que <strong>\u201caquest nou model \u00e9s compatible amb l\u2019esperit de voluntariat de la resta d\u2019estructura d\u2019emerg\u00e8ncies, ja que cal recordar que a la Val d\u2019Aran,\u00a0 fins que el Conselh Generau d\u2019Aran va assolir el trasp\u00e0s de compet\u00e8ncies en transport sanitari, la resposta de les emerg\u00e8ncies les assumia l\u2019estructura de voluntaris dels parcs de bombers de Les, Boss\u00f2st i Vielha e Mijaran. En el nou model, hi t\u00e9 cabuda la resta del col\u00b7lectiu de voluntaris, que continua essent la columna vertebral del component hum\u00e0 de la gesti\u00f3 de les emerg\u00e8ncies\u201d. <\/strong>Finalment<strong> Carlos Barrera, ha afegit que \u201cs\u2019estudiaran f\u00f3rmules per activar i promoure entre els joves de la Val d\u2019Aran, l\u2019esperit de pert\u00e0nyer a l\u2019estructura d\u2019emerg\u00e8ncies de l\u2019Aran\u201d.<\/strong><\/p>\n<p>El Ple celebrat avui dilluns 22 de febrer de 2016, a la Casa deth Senhor d\u2019Arr\u00f2s,\u00a0 tamb\u00e9 ha aprovat el padr\u00f3 de cobrament de la taxa del servei de recollida d\u2019escombraries i el seu tractament per a l\u2019any 2016; i l\u2019aplicaci\u00f3 del increment retributiu d\u2019un 1% per al personal del sector p\u00fablic del Conselh Generau d\u2019Aran.<\/p>\n ","protected":false},"excerpt":{"rendered":"<p>El Ple tamb\u00e9 aprova el padr\u00f3 de cobrament de la taxa del servei de recollida d\u2019escombraries i l\u2019aplicaci\u00f3 del increment de l\u20191% en les retribucions del personal del sector p\u00fablic del Conselh Generau d\u2019Aran Vielha, 22 de febrer de 2016.- El Ple del Conselh Generau d\u2019Aran amb els vots a favor del Govern d\u2019Aran i&#8230;<\/p>\n","protected":false},"author":2,"featured_media":10416,"comment_status":"closed","ping_status":"closed","sticky":false,"template":"","format":"standard","meta":{"footnotes":""},"categories":[53,36],"tags":[],"_links":{"self":[{"href":"https:\/\/www.conselharan.org\/ca\/wp-json\/wp\/v2\/posts\/10418"}],"collection":[{"href":"https:\/\/www.conselharan.org\/ca\/wp-json\/wp\/v2\/posts"}],"about":[{"href":"https:\/\/www.conselharan.org\/ca\/wp-json\/wp\/v2\/types\/post"}],"author":[{"embeddable":true,"href":"https:\/\/www.conselharan.org\/ca\/wp-json\/wp\/v2\/users\/2"}],"replies":[{"embeddable":true,"href":"https:\/\/www.conselharan.org\/ca\/wp-json\/wp\/v2\/comments?post=10418"}],"version-history":[{"count":1,"href":"https:\/\/www.conselharan.org\/ca\/wp-json\/wp\/v2\/posts\/10418\/revisions"}],"predecessor-version":[{"id":10419,"href":"https:\/\/www.conselharan.org\/ca\/wp-json\/wp\/v2\/posts\/10418\/revisions\/10419"}],"wp:featuredmedia":[{"embeddable":true,"href":"https:\/\/www.conselharan.org\/ca\/wp-json\/wp\/v2\/media\/10416"}],"wp:attachment":[{"href":"https:\/\/www.conselharan.org\/ca\/wp-json\/wp\/v2\/media?parent=10418"}],"wp:term":[{"taxonomy":"category","embeddable":true,"href":"https:\/\/www.conselharan.org\/ca\/wp-json\/wp\/v2\/categories?post=10418"},{"taxonomy":"post_tag","embeddable":true,"href":"https:\/\/www.conselharan.org\/ca\/wp-json\/wp\/v2\/tags?post=10418"}],"curies":[{"name":"wp","href":"https:\/\/api.w.org\/{rel}","templated":true}]}}