{"id":10441,"date":"2016-02-23T14:31:05","date_gmt":"2016-02-23T13:31:05","guid":{"rendered":"http:\/\/www.conselharan.org\/ca\/baqueira-beret-acuelh-eth-trofeu-deputacion-de-lleida-jeec\/"},"modified":"2016-02-25T13:38:10","modified_gmt":"2016-02-25T12:38:10","slug":"baqueira-beret-acuelh-eth-trofeu-deputacion-de-lleida-jeec","status":"publish","type":"post","link":"https:\/\/www.conselharan.org\/ca\/baqueira-beret-acuelh-eth-trofeu-deputacion-de-lleida-jeec\/","title":{"rendered":"Baqueira Beret acuelh eth Trof\u00e8u Deputacion de Lleida- JEEC"},"content":{"rendered":"<p><a href=\"http:\/\/www.conselharan.org\/wp-content\/uploads\/2016\/02\/CONSELH-ESPORTIU-VdA.jpg\"><img loading=\"lazy\" decoding=\"async\" class=\"aligncenter size-large wp-image-10435\" src=\"http:\/\/www.conselharan.org\/wp-content\/uploads\/2016\/02\/CONSELH-ESPORTIU-VdA-1024x759.jpg\" alt=\"CONSELH ESPORTIU VdA\" width=\"1024\" height=\"759\" srcset=\"https:\/\/www.conselharan.org\/wp-content\/uploads\/2016\/02\/CONSELH-ESPORTIU-VdA-1024x759.jpg 1024w, https:\/\/www.conselharan.org\/wp-content\/uploads\/2016\/02\/CONSELH-ESPORTIU-VdA-300x222.jpg 300w\" sizes=\"(max-width: 1024px) 100vw, 1024px\" \/><\/a><\/p>\n<p>Era estacion d\u2019esqu\u00ed aranesa, Baqueira Beret, acuelhec eth passat dimenge, 21 de hereu\u00e8r, era Corsa d\u2019Esqu\u00ed Aupin Escolar des JEEC organizada peth <strong>Conselh Esportiu dera Val d\u2019Aran<\/strong>, damb era collaboracion deth <strong>Conselh Generau d\u2019Aran<\/strong> e <strong>Baqueira Beret<\/strong>.<\/p>\n<p><a href=\"http:\/\/www.conselharan.org\/wp-content\/uploads\/2016\/02\/CONSELH-ESPORTIU-VdA00.jpg\"><img loading=\"lazy\" decoding=\"async\" class=\"aligncenter size-large wp-image-10436\" src=\"http:\/\/www.conselharan.org\/wp-content\/uploads\/2016\/02\/CONSELH-ESPORTIU-VdA00-1024x768.jpg\" alt=\"CONSELH ESPORTIU VdA00\" width=\"1024\" height=\"768\" srcset=\"https:\/\/www.conselharan.org\/wp-content\/uploads\/2016\/02\/CONSELH-ESPORTIU-VdA00-1024x768.jpg 1024w, https:\/\/www.conselharan.org\/wp-content\/uploads\/2016\/02\/CONSELH-ESPORTIU-VdA00-300x225.jpg 300w, https:\/\/www.conselharan.org\/wp-content\/uploads\/2016\/02\/CONSELH-ESPORTIU-VdA00.jpg 1600w\" sizes=\"(max-width: 1024px) 100vw, 1024px\" \/><\/a><\/p>\n<p>&nbsp;<\/p>\n<p>Ena competicion particip\u00e8ren m\u00e8s de <strong>215 esquiaires escolars<\/strong> des comarques de Lleida (Pallars Juss\u00e0, Pallars Sobir\u00e0, Alta Ribagor\u00e7a e Val d\u2019Aran).<\/p>\n<p>&nbsp;<\/p>\n<p><a href=\"http:\/\/www.conselharan.org\/wp-content\/uploads\/2016\/02\/CONSELH-ESPORTIU-VdA2.jpg\"><img loading=\"lazy\" decoding=\"async\" class=\"aligncenter size-large wp-image-10437\" src=\"http:\/\/www.conselharan.org\/wp-content\/uploads\/2016\/02\/CONSELH-ESPORTIU-VdA2-759x1024.jpg\" alt=\"CONSELH ESPORTIU VdA2\" width=\"759\" height=\"1024\" srcset=\"https:\/\/www.conselharan.org\/wp-content\/uploads\/2016\/02\/CONSELH-ESPORTIU-VdA2-759x1024.jpg 759w, https:\/\/www.conselharan.org\/wp-content\/uploads\/2016\/02\/CONSELH-ESPORTIU-VdA2-222x300.jpg 222w\" sizes=\"(max-width: 759px) 100vw, 759px\" \/><\/a><\/p>\n<p>&nbsp;<\/p>\n<p>Aguesta competicion \u00e8re era prum\u00e8ra pr\u00f2va deth Trof\u00e8u Deputacion de Lleida, eth quau ei compausat per 2 pr\u00f2ves m\u00e8s, ua en Espot Esqu\u00ed eth pr\u00f2pl\u00e8u 27 de hereu\u00e8r e era darr\u00e8ra ena estacion de Bo\u00ed Ta\u00fcll eth 5 de mar\u00e7 .<\/p>\n<p>Grana aflu\u00e9ncia de public en generau, bon temps e un Estadium damb ues condicions excellentes heren qu&#8217;era competicion siguesse f\u00f2r\u00e7a disputada.<\/p>\n<p>&nbsp;<\/p>\n<p><a href=\"http:\/\/www.conselharan.org\/wp-content\/uploads\/2016\/02\/CONSELH-ESPORTIU-VdA0.jpg\"><img loading=\"lazy\" decoding=\"async\" class=\"aligncenter size-large wp-image-10438\" src=\"http:\/\/www.conselharan.org\/wp-content\/uploads\/2016\/02\/CONSELH-ESPORTIU-VdA0-1024x768.jpg\" alt=\"CONSELH ESPORTIU VdA0\" width=\"1024\" height=\"768\" srcset=\"https:\/\/www.conselharan.org\/wp-content\/uploads\/2016\/02\/CONSELH-ESPORTIU-VdA0-1024x768.jpg 1024w, https:\/\/www.conselharan.org\/wp-content\/uploads\/2016\/02\/CONSELH-ESPORTIU-VdA0-300x225.jpg 300w, https:\/\/www.conselharan.org\/wp-content\/uploads\/2016\/02\/CONSELH-ESPORTIU-VdA0.jpg 1600w\" sizes=\"(max-width: 1024px) 100vw, 1024px\" \/><\/a><\/p>\n<p><strong>CONSELH ESPORTIU VAL D\u2019ARAN \u2013 TROF\u00c8U DEPUTACION DE LLEIDA<\/strong><br \/>\n<strong> MEMORIAL JOSEP BATALLA<\/strong><\/p>\n<p><strong>RESULTATS GIGANT<\/strong><\/p>\n<p>&nbsp;<\/p>\n<p><strong>CATEGORIA : SNOW MASCULIN<\/strong><\/p>\n<p>1 234 MARC MORENO RODRIGO CONSELH ESPORTIU DERA VAL D&#8217;AR 1:19.19<br \/>\n2 328 UNAI FARRE MARTINEZ CONSELH ESPORTIU DERA VAL D&#8217;AR 1:29.90 10.71<br \/>\n3 379 MARC CARLES CARMONA CONSELH ESPORTIU DERA VAL D&#8217;AR 2:11.15 51.96<\/p>\n<p><strong>CATEGORIA : JUVENIL FEMENIN<\/strong><\/p>\n<p>1 202 GEMMA CONTRA GU\u00c0RDIA PALLARS JUSS\u00c0 56.31<\/p>\n<p><strong>CATEGORIA : CADETE MASCULIN<\/strong><\/p>\n<p>1 206 GERARD ALSINA AYMAM\u00cd PALLARS JUSS\u00c0 45.70<br \/>\n2 209 ROGER BASCO SOLER PALLARS JUSS\u00c0 49.55 3.85<br \/>\n3 203 MAR\u00c7AL FERNANDEZ HERNANDEZ CONSELH ESPORTIU DERA VAL D&#8217;AR 49.59 3.89<br \/>\n<strong>CATEGORIA : CADETE FEMENIN<\/strong><\/p>\n<p>1 213 J\u00daLIA ALSINA AYMAM\u00cd PALLARS JUSS\u00c0 49.50<br \/>\n2 219 MARTINEZ DE BUTRON ROSANNA 51.83 2.33<br \/>\n3 211 S\u00cdLVIA COLOM BOIXAD\u00d2S PALLARS JUSS\u00c0 54.45 4.95<\/p>\n<p><strong>CATEGORIA : INFANTIL MASCULIN<\/strong><\/p>\n<p>1 235 MARC RADUA IVERN PALLARS JUSS\u00c0 45.31<br \/>\n2 227 IKER BELMONTE BARRA CONSELH ESPORTIU DERA VAL D&#8217;AR 49.66 4.35<br \/>\n3 220 ADRIA PERETO ERILL PALLARS JUSS\u00c0 50.77 5.46<\/p>\n<p><strong>CATEGORIA : INFANTIL FEMENIN<\/strong><\/p>\n<p>1 251 LINA EIRLINZ QUINTANA MENDOZA CONSELH ESPORTIU DERA VAL D&#8217;AR 52.86<br \/>\n2 252 MAR PUYOL FARR\u00c9 PALLARS JUSS\u00c0 54.04 1.18<br \/>\n3 250 EMMA PALLARES ALTA RIBAGOR\u00c7A 54.72 1.86<\/p>\n<p><strong>CATEGORIA : ALEVIN MASCULIN<\/strong><\/p>\n<p>1 263 ALEX DEDIEU RODRIGUEZ CONSELH ESPORTIU DERA VAL D&#8217;AR 49.08<br \/>\n2 267 DAVID PAULES MODAMIO CONSELH ESPORTIU DERA VAL D&#8217;AR 51.53 2.45<br \/>\n3 273 JOFRE AZNAR I ROIG MARESME 52.75 3.67<\/p>\n<p><strong>CATEGORIA : ALEVIN FEMENIN<\/strong><\/p>\n<p>1 289 ELIA FRAGA CALBETO CONSELH ESPORTIU DERA VAL D&#8217;AR 52.48<br \/>\n2 295 JUDIT COYO GRAU ALTA RIBAGOR\u00c7A 54.15 1.67<br \/>\n3 297 CAPAFONS MASIP KIRA 55.67 3.19<\/p>\n<p><strong>CATEGORIA : BENJAMIN MASCULIN<\/strong><\/p>\n<p>1 323 NIL FRANKEN COSTA PALLARS SOBIR\u00c0 51.95<br \/>\n2 306 ALBERT LAZARO CASANOVAS ALTA RIBAGOR\u00c7A 56.29 4.34<br \/>\n3 322 NIL GARCIA PARRA PALLARS SOBIR\u00c0 58.60 6.65<\/p>\n<p><strong>CATEGORIA : BENJAMIN FEMENIN<\/strong><\/p>\n<p>1 345 IRENE DEL CUETO DIAZ ALTA RIBAGOR\u00c7A 52.77<br \/>\n2 340 CARLA PRATS VICANDI ALTA RIBAGOR\u00c7A 59.61 6.84<br \/>\n3 349 JANA BELMONTE BORR\u00c0S PALLARS SOBIR\u00c0 1:00.76 7.99<\/p>\n<p><strong>CATEGORIA : PREBENJAMIN MASCULIN<\/strong><\/p>\n<p>1 387 POL CASTILLA BRUNA PALLARS SOBIR\u00c0 58.68<br \/>\n2 378 MARC SILVA FORES PALLARS SOBIR\u00c0 59.99 1.31<br \/>\n3 368 ASIER BULLON CAMBRES PALLARS SOBIR\u00c0 1:01.55 2.87<\/p>\n<p><strong>CATEGORIA : PREBENJAMIN FEMENIN<\/strong><\/p>\n<p>1 510 RITA HERENCIA JU\u00c1REZ PALLARS SOBIR\u00c0 58.36<br \/>\n2 503 JOANA MAIMO MAURI PALLARS SOBIR\u00c0 1:01.07 2.71<br \/>\n3 398 CLARA DEULOFEU CRIVILLERS PALLARS SOBIR\u00c0 1:03.17 4.81<\/p>\n<p><strong>CATEGORIA : ED. INFANTIL MASCULIN<\/strong><\/p>\n<p>1 514 FERNANDO MU\u00d1OZ SANTIAGO CONSELH ESPORTIU DERA VAL D&#8217;AR 1:21.06<br \/>\n2 516 PAU LOPEZ GALLART CONSELH ESPORTIU DERA VAL D&#8217;AR 2:22.45 1:01.39<br \/>\n3 515 LUKAS CERVANTES MELGOSA CONSELH ESPORTIU DERA VAL D&#8217;AR 2:56.06 1:35.00<\/p>\n<p><strong>CATEGORIA : ED. INFANTIL FEMENIN<\/strong><\/p>\n<p>1 523 ZOE SAMPEDRO RIOS CONSELH ESPORTIU DERA VAL D&#8217;AR 1:32.19<br \/>\n2 395 ARIAN MART\u00cdNEZ CRIADO PALLARS SOBIR\u00c0 1:48.66 16.47<br \/>\n3 520 ANNA BATMALA ROIG CONSELH ESPORTIU DERA VAL D&#8217;AR 1:56.11 23.92<\/p>\n<p>&nbsp;<\/p>\n<p>&nbsp;<\/p>\n<p>Vielha, 23 de hereu\u00e8r de 2016<\/p>\n<p>&nbsp;<\/p>\n<p>&nbsp;<\/p>\n<p><em>Conselh Generau d&#8217;Aran: N\u00faria Sanjuan<\/em><\/p>\n<p><em>H\u00f2nt: Conselh Esportiu dera Val d&#8217;Aran<\/em><\/p>\n ","protected":false},"excerpt":{"rendered":"<p>Era estacion d\u2019esqu\u00ed aranesa, Baqueira Beret, acuelhec eth passat dimenge, 21 de hereu\u00e8r, era Corsa d\u2019Esqu\u00ed Aupin Escolar des JEEC organizada peth Conselh Esportiu dera Val d\u2019Aran, damb era collaboracion deth Conselh Generau d\u2019Aran e Baqueira Beret. &nbsp; Ena competicion particip\u00e8ren m\u00e8s de 215 esquiaires escolars des comarques de Lleida (Pallars Juss\u00e0, Pallars Sobir\u00e0, Alta&#8230;<\/p>\n","protected":false},"author":2,"featured_media":10437,"comment_status":"closed","ping_status":"closed","sticky":false,"template":"","format":"standard","meta":{"footnotes":""},"categories":[33],"tags":[],"_links":{"self":[{"href":"https:\/\/www.conselharan.org\/ca\/wp-json\/wp\/v2\/posts\/10441"}],"collection":[{"href":"https:\/\/www.conselharan.org\/ca\/wp-json\/wp\/v2\/posts"}],"about":[{"href":"https:\/\/www.conselharan.org\/ca\/wp-json\/wp\/v2\/types\/post"}],"author":[{"embeddable":true,"href":"https:\/\/www.conselharan.org\/ca\/wp-json\/wp\/v2\/users\/2"}],"replies":[{"embeddable":true,"href":"https:\/\/www.conselharan.org\/ca\/wp-json\/wp\/v2\/comments?post=10441"}],"version-history":[{"count":1,"href":"https:\/\/www.conselharan.org\/ca\/wp-json\/wp\/v2\/posts\/10441\/revisions"}],"predecessor-version":[{"id":10496,"href":"https:\/\/www.conselharan.org\/ca\/wp-json\/wp\/v2\/posts\/10441\/revisions\/10496"}],"wp:featuredmedia":[{"embeddable":true,"href":"https:\/\/www.conselharan.org\/ca\/wp-json\/wp\/v2\/media\/10437"}],"wp:attachment":[{"href":"https:\/\/www.conselharan.org\/ca\/wp-json\/wp\/v2\/media?parent=10441"}],"wp:term":[{"taxonomy":"category","embeddable":true,"href":"https:\/\/www.conselharan.org\/ca\/wp-json\/wp\/v2\/categories?post=10441"},{"taxonomy":"post_tag","embeddable":true,"href":"https:\/\/www.conselharan.org\/ca\/wp-json\/wp\/v2\/tags?post=10441"}],"curies":[{"name":"wp","href":"https:\/\/api.w.org\/{rel}","templated":true}]}}