{"id":10445,"date":"2016-02-23T15:37:17","date_gmt":"2016-02-23T14:37:17","guid":{"rendered":"http:\/\/www.conselharan.org\/ca\/?p=10445"},"modified":"2016-02-23T15:37:24","modified_gmt":"2016-02-23T14:37:24","slug":"lies-daran-en-el-mundial-escolar-desqui-2016","status":"publish","type":"post","link":"https:\/\/www.conselharan.org\/ca\/lies-daran-en-el-mundial-escolar-desqui-2016\/","title":{"rendered":"L\u2019IES d\u2019Aran en el Mundial Escolar d\u2019Esqu\u00ed 2016"},"content":{"rendered":"<p>\u2022 <strong>Cinc esquiadors del Centre de Tecnificaci\u00f3 de la Val d\u2019Aran acudeixen al campionat en representaci\u00f3 de l&#8217;IES d\u2019Aran, on cursen els seus estudis.<\/strong><\/p>\n<p><strong>\u2022 L\u2019Aquila (It\u00e0lia) acull del 22 al 27 de febrer el Mundial Escolar d&#8217;Esqu\u00ed 2016.<\/strong><\/p>\n<p><a href=\"http:\/\/www.conselharan.org\/wp-content\/uploads\/2016\/02\/DSC_0188.jpg\"><img loading=\"lazy\" decoding=\"async\" class=\"aligncenter size-large wp-image-10443\" src=\"http:\/\/www.conselharan.org\/wp-content\/uploads\/2016\/02\/DSC_0188-1024x884.jpg\" alt=\"DSC_0188\" width=\"1024\" height=\"884\" srcset=\"https:\/\/www.conselharan.org\/wp-content\/uploads\/2016\/02\/DSC_0188-1024x884.jpg 1024w, https:\/\/www.conselharan.org\/wp-content\/uploads\/2016\/02\/DSC_0188-300x259.jpg 300w, https:\/\/www.conselharan.org\/wp-content\/uploads\/2016\/02\/DSC_0188.jpg 2032w\" sizes=\"(max-width: 1024px) 100vw, 1024px\" \/><\/a><\/p>\n<p>&nbsp;<\/p>\n<p>La <strong>Federaci\u00f3 Internacional d&#8217;Esport Escolar (ISF)<\/strong> ha comunicat que aquest campionat preveu reunir a uns de 550 esportistes i 150 acompanyants entre t\u00e8cnics i delegats provinents de 10 a 15 pa\u00efsos, principalment europeus.<\/p>\n<p>Els 5 esquiadors d&#8217;esqu\u00ed alp\u00ed del <strong>Centre de Tecnificaci\u00f3 de la Val d\u2019Aran<\/strong> que estudien en l&#8217;<strong>IES d\u2019Aran<\/strong> i que participaran en el Mundial Escolar d&#8217;Esqu\u00ed 2016 s\u00f3n:<\/p>\n<p>&#8211;<strong> Aingeru Garai<\/strong><br \/>\n<strong> &#8211; Marc Montes<\/strong><br \/>\n<strong> &#8211; Albert Ortega<\/strong><br \/>\n<strong> &#8211; Ram\u00f3n Barrufet<\/strong><br \/>\n<strong> &#8211; Andr\u00e9s Fornesa<\/strong><\/p>\n<p>Els representants de l&#8217;IES d\u2019Aran aniran acompanyats per l&#8217;entrenador <strong>Willy Churruar\u00edn<\/strong>.<\/p>\n<p>Els escenaris de competici\u00f3 seran les estacions d&#8217;esqu\u00ed de Campo Felice i Ovindoli Monte Magnola.<\/p>\n<p>Les proves seran: un esl\u00e0lom i un esl\u00e0lom gegant.<\/p>\n<p><strong>Lu\u00eds Carlos Medina<\/strong>, vicesindic d&#8217;Aran i conselh\u00e8r d&#8217;Esports ha manifestat \u201c<strong>la representaci\u00f3 de l&#8217;IES d\u2019Aran en el Campionat del M\u00f3n Escolar d&#8217;Esqu\u00ed Alp\u00ed, posa de manifest el gran treball que s&#8217;est\u00e0 realitzant al Centre de Tecnificaci\u00f3 de la Val d\u2019Aran, gr\u00e0cies tamb\u00e9 al suport dels diferents clubs d&#8217;esqu\u00ed aranesos, de les Federacions i de l&#8217;IES d\u2019Aran\u201d.<\/strong><\/p>\n<p>&nbsp;<\/p>\n<p>&nbsp;<\/p>\n<p>&nbsp;<\/p>\n<p>Vielha, 23 de febrer de 2016<\/p>\n<p>&nbsp;<\/p>\n<p>&nbsp;<\/p>\n<p><em>Conselh Generau d&#8217;Aran: N\u00faria Sanjuan<\/em><\/p>\n ","protected":false},"excerpt":{"rendered":"<p>\u2022 Cinc esquiadors del Centre de Tecnificaci\u00f3 de la Val d\u2019Aran acudeixen al campionat en representaci\u00f3 de l&#8217;IES d\u2019Aran, on cursen els seus estudis. \u2022 L\u2019Aquila (It\u00e0lia) acull del 22 al 27 de febrer el Mundial Escolar d&#8217;Esqu\u00ed 2016. &nbsp; La Federaci\u00f3 Internacional d&#8217;Esport Escolar (ISF) ha comunicat que aquest campionat preveu reunir a uns&#8230;<\/p>\n","protected":false},"author":2,"featured_media":10443,"comment_status":"closed","ping_status":"closed","sticky":false,"template":"","format":"standard","meta":{"footnotes":""},"categories":[33],"tags":[],"_links":{"self":[{"href":"https:\/\/www.conselharan.org\/ca\/wp-json\/wp\/v2\/posts\/10445"}],"collection":[{"href":"https:\/\/www.conselharan.org\/ca\/wp-json\/wp\/v2\/posts"}],"about":[{"href":"https:\/\/www.conselharan.org\/ca\/wp-json\/wp\/v2\/types\/post"}],"author":[{"embeddable":true,"href":"https:\/\/www.conselharan.org\/ca\/wp-json\/wp\/v2\/users\/2"}],"replies":[{"embeddable":true,"href":"https:\/\/www.conselharan.org\/ca\/wp-json\/wp\/v2\/comments?post=10445"}],"version-history":[{"count":1,"href":"https:\/\/www.conselharan.org\/ca\/wp-json\/wp\/v2\/posts\/10445\/revisions"}],"predecessor-version":[{"id":10446,"href":"https:\/\/www.conselharan.org\/ca\/wp-json\/wp\/v2\/posts\/10445\/revisions\/10446"}],"wp:featuredmedia":[{"embeddable":true,"href":"https:\/\/www.conselharan.org\/ca\/wp-json\/wp\/v2\/media\/10443"}],"wp:attachment":[{"href":"https:\/\/www.conselharan.org\/ca\/wp-json\/wp\/v2\/media?parent=10445"}],"wp:term":[{"taxonomy":"category","embeddable":true,"href":"https:\/\/www.conselharan.org\/ca\/wp-json\/wp\/v2\/categories?post=10445"},{"taxonomy":"post_tag","embeddable":true,"href":"https:\/\/www.conselharan.org\/ca\/wp-json\/wp\/v2\/tags?post=10445"}],"curies":[{"name":"wp","href":"https:\/\/api.w.org\/{rel}","templated":true}]}}