{"id":10463,"date":"2016-02-24T14:35:06","date_gmt":"2016-02-24T13:35:06","guid":{"rendered":"http:\/\/www.conselharan.org\/ca\/?p=10463"},"modified":"2016-02-24T14:35:19","modified_gmt":"2016-02-24T13:35:19","slug":"els-u10-i-u12-del-caei-trepitgen-fort-a-boi","status":"publish","type":"post","link":"https:\/\/www.conselharan.org\/ca\/els-u10-i-u12-del-caei-trepitgen-fort-a-boi\/","title":{"rendered":"Els U10 i U12 del CAEI trepitgen fort a Bo\u00ed"},"content":{"rendered":"<p><a href=\"http:\/\/www.conselharan.org\/wp-content\/uploads\/2016\/02\/CAEI.jpg\"><img loading=\"lazy\" decoding=\"async\" class=\"aligncenter size-full wp-image-10461\" src=\"http:\/\/www.conselharan.org\/wp-content\/uploads\/2016\/02\/CAEI.jpg\" alt=\"CAEI\" width=\"900\" height=\"450\" srcset=\"https:\/\/www.conselharan.org\/wp-content\/uploads\/2016\/02\/CAEI.jpg 900w, https:\/\/www.conselharan.org\/wp-content\/uploads\/2016\/02\/CAEI-300x150.jpg 300w, https:\/\/www.conselharan.org\/wp-content\/uploads\/2016\/02\/CAEI-640x320.jpg 640w\" sizes=\"(max-width: 900px) 100vw, 900px\" \/><\/a><\/p>\n<p>&nbsp;<\/p>\n<p>El cap de setmana passat es va disputar en l&#8217;estaci\u00f3 lleidatana de Bo\u00ed-Ta\u00fcll el <strong>6\u00e8 Trofeu GER<\/strong> per a les categories d&#8217;U10\/U12 i Interclubs.<\/p>\n<p>Els petits van competir nom\u00e9s el dissabte sota un sol fant\u00e0stic i en una pista de carrera amb una neu dura en excel\u2022lents condicions.<\/p>\n<p>Van disputar un GS en la pista de Vaques en la qual els joves esportistes es van trobar molt c\u00f2modes sobre els esqu\u00eds i van treure el millor de s\u00ed mateixos.<\/p>\n<p>A nivell de resultats, es van aconseguir sis podis, en els quals cal destacar els tres primers llocs de <strong>Manon Perefarres<\/strong> i dels aranesos, <strong>Marc Ubeira,<\/strong> en la categoria U10 i el de <strong>Manuela \u00c1lvarez<\/strong> en U12. A aquests podis cal sumar el segon lloc de l&#8217;aran\u00e8s, <strong>V\u00edctor Puente<\/strong> (U10), i els dos tercers de l&#8217;aranesa,<strong> Jara Beso<\/strong>, i <strong>Bruno Chalbaud<\/strong> (U12).<\/p>\n<p>Per al grup d&#8217;Interclubs tamb\u00e9 va ser un bon cap de setmana. Aquest grup va disputar un GS el dissabte i un SL el diumenge aconseguint un total de tres podis dels quals dos van ser per a l&#8217;aranesa <strong>Aina Masip<\/strong>; aquesta corredora va ocupar la segona posici\u00f3 tant en el GS com en el SL en la categoria U14. El tercer podi pel <strong>CAEI<\/strong> ho va aconseguir l&#8217;aranesa, <strong>Ana Chesa<\/strong>, amb el tercer lloc en SL.<\/p>\n<p>&nbsp;<\/p>\n<p>Vielha, 24 de febrer de 2016<\/p>\n<p>&nbsp;<\/p>\n<p><em>Conselh Generau d&#8217;Aran: N\u00faria Sanjuan<\/em><\/p>\n<p><em>Font: CAEI<\/em><\/p>\n ","protected":false},"excerpt":{"rendered":"<p>&nbsp; El cap de setmana passat es va disputar en l&#8217;estaci\u00f3 lleidatana de Bo\u00ed-Ta\u00fcll el 6\u00e8 Trofeu GER per a les categories d&#8217;U10\/U12 i Interclubs. Els petits van competir nom\u00e9s el dissabte sota un sol fant\u00e0stic i en una pista de carrera amb una neu dura en excel\u2022lents condicions. Van disputar un GS en la&#8230;<\/p>\n","protected":false},"author":2,"featured_media":10461,"comment_status":"closed","ping_status":"closed","sticky":false,"template":"","format":"standard","meta":{"footnotes":""},"categories":[33],"tags":[],"_links":{"self":[{"href":"https:\/\/www.conselharan.org\/ca\/wp-json\/wp\/v2\/posts\/10463"}],"collection":[{"href":"https:\/\/www.conselharan.org\/ca\/wp-json\/wp\/v2\/posts"}],"about":[{"href":"https:\/\/www.conselharan.org\/ca\/wp-json\/wp\/v2\/types\/post"}],"author":[{"embeddable":true,"href":"https:\/\/www.conselharan.org\/ca\/wp-json\/wp\/v2\/users\/2"}],"replies":[{"embeddable":true,"href":"https:\/\/www.conselharan.org\/ca\/wp-json\/wp\/v2\/comments?post=10463"}],"version-history":[{"count":1,"href":"https:\/\/www.conselharan.org\/ca\/wp-json\/wp\/v2\/posts\/10463\/revisions"}],"predecessor-version":[{"id":10464,"href":"https:\/\/www.conselharan.org\/ca\/wp-json\/wp\/v2\/posts\/10463\/revisions\/10464"}],"wp:featuredmedia":[{"embeddable":true,"href":"https:\/\/www.conselharan.org\/ca\/wp-json\/wp\/v2\/media\/10461"}],"wp:attachment":[{"href":"https:\/\/www.conselharan.org\/ca\/wp-json\/wp\/v2\/media?parent=10463"}],"wp:term":[{"taxonomy":"category","embeddable":true,"href":"https:\/\/www.conselharan.org\/ca\/wp-json\/wp\/v2\/categories?post=10463"},{"taxonomy":"post_tag","embeddable":true,"href":"https:\/\/www.conselharan.org\/ca\/wp-json\/wp\/v2\/tags?post=10463"}],"curies":[{"name":"wp","href":"https:\/\/api.w.org\/{rel}","templated":true}]}}