{"id":10485,"date":"2016-02-24T19:25:32","date_gmt":"2016-02-24T18:25:32","guid":{"rendered":"http:\/\/www.conselharan.org\/ca\/?p=10485"},"modified":"2016-02-24T19:25:32","modified_gmt":"2016-02-24T18:25:32","slug":"el-conselh-generau-daran-participa-a-la-primera-jornada-de-treball-de-la-comissio-de-falles-i-haros-del-pirineu","status":"publish","type":"post","link":"https:\/\/www.conselharan.org\/ca\/el-conselh-generau-daran-participa-a-la-primera-jornada-de-treball-de-la-comissio-de-falles-i-haros-del-pirineu\/","title":{"rendered":"El Conselh Generau d\u2019Aran participa a la primera jornada de treball de la comissi\u00f3 de Falles i Haros del Pirineu"},"content":{"rendered":"<p>Vielha, 23 de febrer de 2016.- La Comissi\u00f3 de Falles, Haros i Brandons es va reunir el passat dissabte a la Pobla de Segur, en la primera jornada de treball despr\u00e9s de la\u00a0declaraci\u00f3 d&#8217;Andorra del 3 de desembre de l\u2019any passat\u00a0en qu\u00e8 es va celebrar la declaraci\u00f3 de les Festes del Foc dels Pirineus, Patrimoni Cultural Immaterial de la Humanitat per la Unesco.<\/p>\n<div id=\"attachment_10481\" style=\"width: 950px\" class=\"wp-caption aligncenter\"><a href=\"http:\/\/www.conselharan.org\/wp-content\/uploads\/2016\/02\/P1210239.jpg\"><img loading=\"lazy\" decoding=\"async\" aria-describedby=\"caption-attachment-10481\" class=\"size-full wp-image-10481\" src=\"http:\/\/www.conselharan.org\/wp-content\/uploads\/2016\/02\/P1210239.jpg\" alt=\"Marcel\u00b7la Andreu \" width=\"940\" height=\"625\" srcset=\"https:\/\/www.conselharan.org\/wp-content\/uploads\/2016\/02\/P1210239.jpg 940w, https:\/\/www.conselharan.org\/wp-content\/uploads\/2016\/02\/P1210239-300x199.jpg 300w\" sizes=\"(max-width: 940px) 100vw, 940px\" \/><\/a><p id=\"caption-attachment-10481\" class=\"wp-caption-text\">Marcel\u00b7la Andreu<\/p><\/div>\n<p>En aquesta primera reuni\u00f3, es va decidir que cadascun dels 63 municipis que celebren Festes del Foc dels Pirineus elaborin un protocol festiu, amb l\u2019objectiu de fixar unes bases per assegurar la conservaci\u00f3 de les festes aix\u00ed com establir uns criteris pels nous pobles que s&#8217;hi vulguin incorporar.<\/p>\n<p><strong>J\u00e8p Montoya<\/strong>, que va assistir a la reuni\u00f3 en representaci\u00f3 de <strong>Conselh Generau d\u2019Aran,<\/strong> ha explicat que aquests protocols serviran en el cas de la Val d\u2019Aran, per a la conservaci\u00f3 de les festes i per qu\u00e8 <strong>Les i Arties, puguin explicar com es fan les festes del Haro i del Taro, les dates en que es celebren, quina indument\u00e0ria porten els qui hi participen o quines son les m\u00fasiques i balls que incorporen.<\/strong><\/p>\n<p>La jornada de treball tamb\u00e9 va servir per obrir la porta a la incorporaci\u00f3 a la declaraci\u00f3 d\u2019Andorra de pobles que en el seu moment van celebrar festes del foc per\u00f2 que en l\u2019actualitat les han perdudes, per si les volen recuperar. A la Val d\u2019Aran \u00e9s el cas de <strong>Betren<\/strong> on hi feien un Haro i on hi ha un carrer dedicat al mateix, <strong>Es B\u00f2rdes<\/strong>, <strong>Canejan<\/strong> o <strong>Gar\u00f2s<\/strong>.<\/p>\n<p>Durant la trobada es va decidir encarregar un projecte per crear un logotip que identifiqui els 63 pobles i que incorpori s\u00edmbols com la nit, el foc o els colors tradicionals d\u2019aquestes festes.<\/p>\n<p>Calculen que el protocol fallaire estar\u00e0 fet en uns dos o tres mesos, quan est\u00e0 prevista la segona reuni\u00f3 de la comissi\u00f3.<\/p>\n ","protected":false},"excerpt":{"rendered":"<p>Vielha, 23 de febrer de 2016.- La Comissi\u00f3 de Falles, Haros i Brandons es va reunir el passat dissabte a la Pobla de Segur, en la primera jornada de treball despr\u00e9s de la\u00a0declaraci\u00f3 d&#8217;Andorra del 3 de desembre de l\u2019any passat\u00a0en qu\u00e8 es va celebrar la declaraci\u00f3 de les Festes del Foc dels Pirineus, Patrimoni&#8230;<\/p>\n","protected":false},"author":2,"featured_media":10481,"comment_status":"closed","ping_status":"closed","sticky":false,"template":"","format":"standard","meta":{"footnotes":""},"categories":[53],"tags":[],"_links":{"self":[{"href":"https:\/\/www.conselharan.org\/ca\/wp-json\/wp\/v2\/posts\/10485"}],"collection":[{"href":"https:\/\/www.conselharan.org\/ca\/wp-json\/wp\/v2\/posts"}],"about":[{"href":"https:\/\/www.conselharan.org\/ca\/wp-json\/wp\/v2\/types\/post"}],"author":[{"embeddable":true,"href":"https:\/\/www.conselharan.org\/ca\/wp-json\/wp\/v2\/users\/2"}],"replies":[{"embeddable":true,"href":"https:\/\/www.conselharan.org\/ca\/wp-json\/wp\/v2\/comments?post=10485"}],"version-history":[{"count":1,"href":"https:\/\/www.conselharan.org\/ca\/wp-json\/wp\/v2\/posts\/10485\/revisions"}],"predecessor-version":[{"id":10486,"href":"https:\/\/www.conselharan.org\/ca\/wp-json\/wp\/v2\/posts\/10485\/revisions\/10486"}],"wp:featuredmedia":[{"embeddable":true,"href":"https:\/\/www.conselharan.org\/ca\/wp-json\/wp\/v2\/media\/10481"}],"wp:attachment":[{"href":"https:\/\/www.conselharan.org\/ca\/wp-json\/wp\/v2\/media?parent=10485"}],"wp:term":[{"taxonomy":"category","embeddable":true,"href":"https:\/\/www.conselharan.org\/ca\/wp-json\/wp\/v2\/categories?post=10485"},{"taxonomy":"post_tag","embeddable":true,"href":"https:\/\/www.conselharan.org\/ca\/wp-json\/wp\/v2\/tags?post=10485"}],"curies":[{"name":"wp","href":"https:\/\/api.w.org\/{rel}","templated":true}]}}