{"id":10492,"date":"2016-02-25T13:02:55","date_gmt":"2016-02-25T12:02:55","guid":{"rendered":"http:\/\/www.conselharan.org\/ca\/?p=10492"},"modified":"2016-02-25T13:03:04","modified_gmt":"2016-02-25T12:03:04","slug":"aingeru-garai-4rt-en-el-gegant-del-mundial-escolar-desqui-2016","status":"publish","type":"post","link":"https:\/\/www.conselharan.org\/ca\/aingeru-garai-4rt-en-el-gegant-del-mundial-escolar-desqui-2016\/","title":{"rendered":"Aingeru Garai 4rt en el gegant del Mundial Escolar d\u2019Esqu\u00ed 2016"},"content":{"rendered":"<p>\u2022 <strong>Aingeru Garai, Marc Montes, Albert Ortega, Ramon Barrufet i Andr\u00e9s Fornesa, del Centre de Tecnificaci\u00f3 de la Val d\u2019Aran es troben a L\u2019Aquila (It\u00e0lia) disputant el Mundial Escolar d&#8217;Esqu\u00ed 2016 en representaci\u00f3 de l&#8217;IES d\u2019Aran.<\/strong><\/p>\n<p>&nbsp;<\/p>\n<p><a href=\"http:\/\/www.conselharan.org\/wp-content\/uploads\/2016\/02\/RFEDI-GROP-MONDIAU.jpg\"><img loading=\"lazy\" decoding=\"async\" class=\"aligncenter size-large wp-image-10489\" src=\"http:\/\/www.conselharan.org\/wp-content\/uploads\/2016\/02\/RFEDI-GROP-MONDIAU-1024x576.jpg\" alt=\"RFEDI-GROP MONDIAU\" width=\"1024\" height=\"576\" srcset=\"https:\/\/www.conselharan.org\/wp-content\/uploads\/2016\/02\/RFEDI-GROP-MONDIAU-1024x576.jpg 1024w, https:\/\/www.conselharan.org\/wp-content\/uploads\/2016\/02\/RFEDI-GROP-MONDIAU-300x169.jpg 300w, https:\/\/www.conselharan.org\/wp-content\/uploads\/2016\/02\/RFEDI-GROP-MONDIAU.jpg 1600w\" sizes=\"(max-width: 1024px) 100vw, 1024px\" \/><\/a><\/p>\n<p><em>\u00a0Foto: RFEDI<\/em><\/p>\n<p>&nbsp;<\/p>\n<p>Cinc esquiadors d&#8217;esqu\u00ed alp\u00ed del <strong>Centre de Tecnificaci\u00f3 de la Val d\u2019Aran (CETEI)<\/strong> que estudien a l&#8217;<strong>IES d\u2019Aran<\/strong> es troben a L\u2019Aquila participant en el Mundial Escolar d&#8217;Esqu\u00ed 2016.<\/p>\n<p>Aquest campionat, que se celebra aquesta setmana fins al 27 de febrer, reuneix a uns de 550 esportistes i 150 acompanyants entre t\u00e8cnics i delegats provinents de 10 a 15 pa\u00efsos, principalment europeus.<\/p>\n<p>Ahir, 24 de febrer, va tenir lloc l&#8217;esl\u00e0lom gegant, i <strong>Aingeru Garai<\/strong> es va fer amb la 4a posici\u00f3.<\/p>\n<p>Els escenaris de competici\u00f3 s\u00f3n les estacions d&#8217;esqu\u00ed de Camp Felice i Ovindoli Monte Magnola.<\/p>\n<p>&nbsp;<\/p>\n<p><a href=\"http:\/\/www.conselharan.org\/wp-content\/uploads\/2016\/02\/MONDIAU-ESCOLAR.jpg\"><img loading=\"lazy\" decoding=\"async\" class=\"aligncenter size-large wp-image-10490\" src=\"http:\/\/www.conselharan.org\/wp-content\/uploads\/2016\/02\/MONDIAU-ESCOLAR-1024x682.jpg\" alt=\"MONDIAU ESCOLAR\" width=\"1024\" height=\"682\" srcset=\"https:\/\/www.conselharan.org\/wp-content\/uploads\/2016\/02\/MONDIAU-ESCOLAR-1024x682.jpg 1024w, https:\/\/www.conselharan.org\/wp-content\/uploads\/2016\/02\/MONDIAU-ESCOLAR-300x200.jpg 300w, https:\/\/www.conselharan.org\/wp-content\/uploads\/2016\/02\/MONDIAU-ESCOLAR.jpg 2000w\" sizes=\"(max-width: 1024px) 100vw, 1024px\" \/><\/a><\/p>\n<p>&nbsp;<\/p>\n<p>El Centre de Tecnificaci\u00f3 Esportiva d&#8217;Esports d&#8217;Hivern de la Val d&#8217;Aran (CETEI), vinculat a la Real Federaci\u00f3 Espanyola d&#8217;Esports d&#8217;Hivern (<strong>RFEDI<\/strong>) i a la Federaci\u00f3 Catalana d&#8217;Esports d&#8217;Hivern (<strong>FCEH<\/strong>), t\u00e9 per objectiu ajudar a la progressi\u00f3 de joves promeses i vetllar per la seva formaci\u00f3 integral. Els esportistes seleccionats reben formaci\u00f3 t\u00e8cnica\/esportiva i acad\u00e8mica, a m\u00e9s d&#8217;un seguiment m\u00e8dic\/psicol\u00f2gic per garantir un estat de salut adequat per a la pr\u00e0ctica esportiva i una sortida professional de futur.<\/p>\n<p>El Centre est\u00e0 compost per esportistes que estudien Batxillerat cosa que els permet incorporar-se als programes del CETEI d&#8217;esqu\u00ed alp\u00ed subvencionats i patrocinats pel <strong>Conselh Generau d&#8217;Aran<\/strong>. A m\u00e9s, de l&#8217;esqu\u00ed de fons i diferents especialitats individuals de gel, com el patinatge art\u00edstic.<\/p>\n<p>La formaci\u00f3 acad\u00e8mica la realitzen en l&#8217;IES d\u2019Aran i a m\u00e9s compten amb el gran suport de<strong> Baqueira Beret<\/strong>, una de les estacions d&#8217;esqu\u00ed m\u00e9s prestigioses del m\u00f3n, on els components del CETEI tenen instal\u2022lat el seu camp base.<\/p>\n<p>El Consell Superior d&#8217;Esports va donar el vistiplau a la creaci\u00f3 del Centre Especialitzat en Tecnificaci\u00f3 Esportiva d&#8217;Esports d&#8217;Hivern de la Val d&#8217;Aran, impulsat pel Conselh Generau d&#8217;Aran que s&#8217;encarrega de gestionar-ho.<\/p>\n<p>&nbsp;<\/p>\n<p>&nbsp;<\/p>\n<p>Vielha, 25 de febrero de 2016<\/p>\n<p>&nbsp;<\/p>\n<p>&nbsp;<\/p>\n<p><em>Conselh Generau d&#8217;Aran: N\u00faria Sanjuan<\/em><\/p>\n<p><em>Font: RFEDI<\/em><\/p>\n ","protected":false},"excerpt":{"rendered":"<p>\u2022 Aingeru Garai, Marc Montes, Albert Ortega, Ramon Barrufet i Andr\u00e9s Fornesa, del Centre de Tecnificaci\u00f3 de la Val d\u2019Aran es troben a L\u2019Aquila (It\u00e0lia) disputant el Mundial Escolar d&#8217;Esqu\u00ed 2016 en representaci\u00f3 de l&#8217;IES d\u2019Aran. &nbsp; \u00a0Foto: RFEDI &nbsp; Cinc esquiadors d&#8217;esqu\u00ed alp\u00ed del Centre de Tecnificaci\u00f3 de la Val d\u2019Aran (CETEI) que estudien&#8230;<\/p>\n","protected":false},"author":2,"featured_media":10489,"comment_status":"closed","ping_status":"closed","sticky":false,"template":"","format":"standard","meta":{"footnotes":""},"categories":[33],"tags":[],"_links":{"self":[{"href":"https:\/\/www.conselharan.org\/ca\/wp-json\/wp\/v2\/posts\/10492"}],"collection":[{"href":"https:\/\/www.conselharan.org\/ca\/wp-json\/wp\/v2\/posts"}],"about":[{"href":"https:\/\/www.conselharan.org\/ca\/wp-json\/wp\/v2\/types\/post"}],"author":[{"embeddable":true,"href":"https:\/\/www.conselharan.org\/ca\/wp-json\/wp\/v2\/users\/2"}],"replies":[{"embeddable":true,"href":"https:\/\/www.conselharan.org\/ca\/wp-json\/wp\/v2\/comments?post=10492"}],"version-history":[{"count":1,"href":"https:\/\/www.conselharan.org\/ca\/wp-json\/wp\/v2\/posts\/10492\/revisions"}],"predecessor-version":[{"id":10493,"href":"https:\/\/www.conselharan.org\/ca\/wp-json\/wp\/v2\/posts\/10492\/revisions\/10493"}],"wp:featuredmedia":[{"embeddable":true,"href":"https:\/\/www.conselharan.org\/ca\/wp-json\/wp\/v2\/media\/10489"}],"wp:attachment":[{"href":"https:\/\/www.conselharan.org\/ca\/wp-json\/wp\/v2\/media?parent=10492"}],"wp:term":[{"taxonomy":"category","embeddable":true,"href":"https:\/\/www.conselharan.org\/ca\/wp-json\/wp\/v2\/categories?post=10492"},{"taxonomy":"post_tag","embeddable":true,"href":"https:\/\/www.conselharan.org\/ca\/wp-json\/wp\/v2\/tags?post=10492"}],"curies":[{"name":"wp","href":"https:\/\/api.w.org\/{rel}","templated":true}]}}