{"id":10542,"date":"2016-02-26T15:54:17","date_gmt":"2016-02-26T14:54:17","guid":{"rendered":"http:\/\/www.conselharan.org\/ca\/?p=10542"},"modified":"2016-02-26T15:55:09","modified_gmt":"2016-02-26T14:55:09","slug":"el-conselh-generau-daran-i-ecovidrio-impulsen-el-reciclatge-de-vidre-entre-els-hotelers-de-laran","status":"publish","type":"post","link":"https:\/\/www.conselharan.org\/ca\/el-conselh-generau-daran-i-ecovidrio-impulsen-el-reciclatge-de-vidre-entre-els-hotelers-de-laran\/","title":{"rendered":"El Conselh Generau d\u2019Aran i Ecovidrio impulsen el reciclatge de vidre entre els hotelers de l\u2019Aran"},"content":{"rendered":"<p><strong>Els ajuntaments de la Val d\u2019Aran tamb\u00e9 participen de la campanya en que s\u2019han fet enquestes a m\u00e9s de 240 establiments per con\u00e8ixer els h\u00e0bits de reciclatge de vidre i adequar els recursos a les seves necessitats<\/strong><\/p>\n<p>Vielha, 26 de febrer de 2016.- <strong>Ecovidrio<\/strong>, entitat sense \u00e0nim de lucre encarregada de la gesti\u00f3 del reciclatge dels residus d&#8217;envasos de vidre a Espanya, i el <strong>Conselh Generau d\u2019Aran<\/strong>, posen en marxa una campanya per impulsar el reciclatge de vidre al sector de l\u2019hostaleria, canal Horeca (Hoteleria, Restauraci\u00f3 i C\u00e0tering).<\/p>\n<div id=\"attachment_10524\" style=\"width: 460px\" class=\"wp-caption aligncenter\"><a href=\"http:\/\/www.conselharan.org\/wp-content\/uploads\/2016\/02\/Fuente-Correo-Gallego.jpg\"><img loading=\"lazy\" decoding=\"async\" aria-describedby=\"caption-attachment-10524\" class=\"size-full wp-image-10524\" src=\"http:\/\/www.conselharan.org\/wp-content\/uploads\/2016\/02\/Fuente-Correo-Gallego.jpg\" alt=\"Fuente: Correo Gallego\" width=\"450\" height=\"240\" srcset=\"https:\/\/www.conselharan.org\/wp-content\/uploads\/2016\/02\/Fuente-Correo-Gallego.jpg 450w, https:\/\/www.conselharan.org\/wp-content\/uploads\/2016\/02\/Fuente-Correo-Gallego-300x160.jpg 300w\" sizes=\"(max-width: 450px) 100vw, 450px\" \/><\/a><p id=\"caption-attachment-10524\" class=\"wp-caption-text\">Fuente: Correo Gallego<\/p><\/div>\n<p>La iniciativa, va comen\u00e7ar al desembre passat amb la realitzaci\u00f3 d&#8217;enquestes i entrevistes als establiments d&#8217;hostaleria de tots els municipis de la Val d\u2019Aran per con\u00e8ixer de primera m\u00e0 quines s\u00f3n les seves necessitats i poder adequar els recursos existents. Des d\u2019aleshores, <strong>s\u2019han visitat m\u00e9s de 240 establiments<\/strong> <strong>entre els que s\u2019hi inclouen bars, restaurants, hotels i locals d\u2019oci<\/strong>. A m\u00e9s, durant les visites Ecovidrio ofereix informaci\u00f3 detallada de com reciclar correctament i de les avantatges socials i econ\u00f2miques del reciclatge de vidre.<\/p>\n<p>&nbsp;<\/p>\n<p>En una segona fase, i per facilitar el reciclatge de vidre entre aquests establiments que generen grans quantitats de vidre, a finals de gener es van comen\u00e7ar a repartir cubells de diferents capacitats per separar correctament els residus de vidre i transportar-los als contenidors situats al carrer. A m\u00e9s, \u00a0<strong>s&#8217;instal\u00b7laran<\/strong> <strong>nous contenidors VACRI<\/strong>, dotats amb una boca m\u00e9s ampla i un sistema d&#8217;elevaci\u00f3 hidr\u00e0ulic on s\u2019hi encaixa un cubell especialment adaptat. D\u2019aquesta manera, \u00e9s molt f\u00e0cil i c\u00f2mode reciclar grans volums de vidre ja que, amb poc esfor\u00e7, es pot buidar tot el contingut del cubell, sense necessitat de llen\u00e7ar els envasos un a un.<\/p>\n<p>La col\u00b7laboraci\u00f3 de <strong>Ecovidrio<\/strong>, el <strong>Conselh Generau d\u2019Aran<\/strong> i els ajuntaments de la Val d\u2019Aran\u00a0 t\u00e9 com a principal objectiu aconseguir un increment de la taxa de reciclatge de vidre al territori.<\/p>\n<p>El sector de l&#8217;hostaleria i la restauraci\u00f3 \u00e9s un dels eixos sobre els quals treballa Ecovidrio per incrementar la taxa de reciclatge, ja que consumeix prop del 50% dels envasos de vidre d&#8217;un sol \u00fas que es produeixen a tot l\u2019Estat.<\/p>\n<p>&nbsp;<\/p>\n<p><strong>Acci\u00f3 espec\u00edfica a Baqueira<\/strong><\/p>\n<p>Durant la campanya adre\u00e7ada a l\u2019hostaleria, i aprofitant la temporada alta a Baqueira-Beret, amb la col\u00b7laboraci\u00f3 de l\u2019ajuntament de Naut Aran , s\u2019est\u00e0 duent a terme una promoci\u00f3 especial entre els establiments dels\u00a0 nuclis\u00a0 del municipi de Naut Aran. S\u2019han visitat m\u00e9s de 122 establiments, dels quals 75 s\u2019han adherit a la campanya amb l\u2019\u00fanic comprom\u00eds de reciclar el vidre correctament. Tots ells han participat en un joc de preguntes sobre el reciclatge que culminar\u00e0 amb el sorteig d\u2019un viatge a final de temporada.<\/p>\n<p>&nbsp;<\/p>\n<p><strong>Dades de reciclatge de vidre a la Val d\u2019Aran<\/strong><\/p>\n<p>Segons les \u00faltimes dades de 2015, <strong>els ciutadans de<\/strong> <strong>la Val d\u2019Aran van reciclar un total de 490.880 quilograms d&#8217;envasos de vidre<\/strong>. Aix\u00f2 suposa que <strong>cada habitant va reciclar una mitjana de 49 kg de vidre, molt per damunt de la mitjana de Catalunya.<\/strong><\/p>\n<p>&nbsp;<\/p>\n<p><strong>Ecovidrio<\/strong><\/p>\n<p>Ecovidrio \u00e9s l&#8217;entitat sense \u00e0nim de lucre, encarregada de la gesti\u00f3 del reciclatge dels residus d&#8217;envasos de vidre a Espanya, des de 1998. La companyia s&#8217;encarrega de gestionar \u00edntegrament la cadena de reciclatge, mitjan\u00e7ant la recollida selectiva, el transport, el tractament d&#8217;envasos de vidre i la seva posterior comercialitzaci\u00f3.<\/p>\n<p>Ecovidrio proporciona un servei p\u00fablic, universal i gratu\u00eft per al ciutad\u00e0 i posa a disposici\u00f3 de les companyies que envasen els seus productes en vidre un model de gesti\u00f3 efica\u00e7 i eficient, tant des de la perspectiva ambiental com econ\u00f2mica.<\/p>\n<p>En l&#8217;actualitat, un total de 2.655 companyies estan adherides a Ecovidrio. Els sectors integrats en l&#8217;associaci\u00f3 representen m\u00e9s del 3% del PIB espanyol i comercialitzen el 99% dels envasos de vidre.<\/p>\n ","protected":false},"excerpt":{"rendered":"<p>Els ajuntaments de la Val d\u2019Aran tamb\u00e9 participen de la campanya en que s\u2019han fet enquestes a m\u00e9s de 240 establiments per con\u00e8ixer els h\u00e0bits de reciclatge de vidre i adequar els recursos a les seves necessitats Vielha, 26 de febrer de 2016.- Ecovidrio, entitat sense \u00e0nim de lucre encarregada de la gesti\u00f3 del reciclatge&#8230;<\/p>\n","protected":false},"author":2,"featured_media":10524,"comment_status":"closed","ping_status":"closed","sticky":false,"template":"","format":"standard","meta":{"footnotes":""},"categories":[53,36],"tags":[],"_links":{"self":[{"href":"https:\/\/www.conselharan.org\/ca\/wp-json\/wp\/v2\/posts\/10542"}],"collection":[{"href":"https:\/\/www.conselharan.org\/ca\/wp-json\/wp\/v2\/posts"}],"about":[{"href":"https:\/\/www.conselharan.org\/ca\/wp-json\/wp\/v2\/types\/post"}],"author":[{"embeddable":true,"href":"https:\/\/www.conselharan.org\/ca\/wp-json\/wp\/v2\/users\/2"}],"replies":[{"embeddable":true,"href":"https:\/\/www.conselharan.org\/ca\/wp-json\/wp\/v2\/comments?post=10542"}],"version-history":[{"count":2,"href":"https:\/\/www.conselharan.org\/ca\/wp-json\/wp\/v2\/posts\/10542\/revisions"}],"predecessor-version":[{"id":10544,"href":"https:\/\/www.conselharan.org\/ca\/wp-json\/wp\/v2\/posts\/10542\/revisions\/10544"}],"wp:featuredmedia":[{"embeddable":true,"href":"https:\/\/www.conselharan.org\/ca\/wp-json\/wp\/v2\/media\/10524"}],"wp:attachment":[{"href":"https:\/\/www.conselharan.org\/ca\/wp-json\/wp\/v2\/media?parent=10542"}],"wp:term":[{"taxonomy":"category","embeddable":true,"href":"https:\/\/www.conselharan.org\/ca\/wp-json\/wp\/v2\/categories?post=10542"},{"taxonomy":"post_tag","embeddable":true,"href":"https:\/\/www.conselharan.org\/ca\/wp-json\/wp\/v2\/tags?post=10542"}],"curies":[{"name":"wp","href":"https:\/\/api.w.org\/{rel}","templated":true}]}}