{"id":10550,"date":"2016-02-26T16:25:03","date_gmt":"2016-02-26T15:25:03","guid":{"rendered":"http:\/\/www.conselharan.org\/ca\/?p=10550"},"modified":"2016-02-26T16:25:21","modified_gmt":"2016-02-26T15:25:21","slug":"ton-consul-vivar-finalitza-primer-el-programa-curt-en-linternacional-hellmut-seibt","status":"publish","type":"post","link":"https:\/\/www.conselharan.org\/ca\/ton-consul-vivar-finalitza-primer-el-programa-curt-en-linternacional-hellmut-seibt\/","title":{"rendered":"T\u00f2n C\u00f3nsul Vivar, finalitza primer el programa curt en l\u2019internacional Hellmut Seibt"},"content":{"rendered":"<p>\u2022<strong> El patinador aran\u00e8s, T\u00f2n C\u00f3nsul es troba a Viena amb l&#8217;equip nacional competint aquest cap de setmana en el Memorial Hellmut Seibt.<\/strong><\/p>\n<p><a href=\"http:\/\/www.conselharan.org\/wp-content\/uploads\/2016\/02\/t\u00f2n-viena-foto.jpg\"><img loading=\"lazy\" decoding=\"async\" class=\"aligncenter size-large wp-image-10546\" src=\"http:\/\/www.conselharan.org\/wp-content\/uploads\/2016\/02\/t\u00f2n-viena-foto-680x1024.jpg\" alt=\"t\u00f2n-viena-foto\" width=\"680\" height=\"1024\" srcset=\"https:\/\/www.conselharan.org\/wp-content\/uploads\/2016\/02\/t\u00f2n-viena-foto-680x1024.jpg 680w, https:\/\/www.conselharan.org\/wp-content\/uploads\/2016\/02\/t\u00f2n-viena-foto-199x300.jpg 199w, https:\/\/www.conselharan.org\/wp-content\/uploads\/2016\/02\/t\u00f2n-viena-foto.jpg 750w\" sizes=\"(max-width: 680px) 100vw, 680px\" \/><\/a><\/p>\n<p>&nbsp;<\/p>\n<p>El patinador aran\u00e8s,<strong> T\u00f2n C\u00f3nsul Vivar<\/strong>, ha finalitzat primer el programa curt j\u00fanior mascul\u00ed en l&#8217;<strong>Hellmut Seibt<\/strong>\u00a0(Viena) amb un programa pr\u00e0cticament net: triple salchow + triple toe, triple flip, doble axel, nivells 4 en les piruetes i 3 en els passos. Puntuaci\u00f3: 58,18.<\/p>\n<p>Dem\u00e0 dissabte, 27 de febrer, T\u00f2n realitzar\u00e0 el programa llarg.<\/p>\n<p><a href=\"http:\/\/www.conselharan.org\/wp-content\/uploads\/2016\/02\/t\u00f2n-viena.jpg\"><img loading=\"lazy\" decoding=\"async\" class=\"aligncenter size-full wp-image-10547\" src=\"http:\/\/www.conselharan.org\/wp-content\/uploads\/2016\/02\/t\u00f2n-viena.jpg\" alt=\"t\u00f2n -viena\" width=\"440\" height=\"576\" srcset=\"https:\/\/www.conselharan.org\/wp-content\/uploads\/2016\/02\/t\u00f2n-viena.jpg 440w, https:\/\/www.conselharan.org\/wp-content\/uploads\/2016\/02\/t\u00f2n-viena-229x300.jpg 229w\" sizes=\"(max-width: 440px) 100vw, 440px\" \/><\/a><\/p>\n<p>&nbsp;<\/p>\n<p>T\u00f2n C\u00f3nsul, va signar un conveni amb el <strong>Conselh Generau d\u2019Aran<\/strong> i <strong>Foment Torisme Val d\u2019Aran<\/strong> per promocionar la destinaci\u00f3 tur\u00edstica esportiva Val d\u2019Aran pel m\u00f3n, representada en la imatge i en els valors del jove patinador, i de l&#8217;equip del que forma part, mitjan\u00e7ant el patrocini institucional.<\/p>\n<p>&nbsp;<\/p>\n<p>&nbsp;<\/p>\n<p>Vielha, 26 de febrer de 2016<\/p>\n<p>&nbsp;<\/p>\n<p><em>Conselh Generau d&#8217;Aran: N\u00faria Sanjuan<\/em><\/p>\n ","protected":false},"excerpt":{"rendered":"<p>\u2022 El patinador aran\u00e8s, T\u00f2n C\u00f3nsul es troba a Viena amb l&#8217;equip nacional competint aquest cap de setmana en el Memorial Hellmut Seibt. &nbsp; El patinador aran\u00e8s, T\u00f2n C\u00f3nsul Vivar, ha finalitzat primer el programa curt j\u00fanior mascul\u00ed en l&#8217;Hellmut Seibt\u00a0(Viena) amb un programa pr\u00e0cticament net: triple salchow + triple toe, triple flip, doble axel,&#8230;<\/p>\n","protected":false},"author":2,"featured_media":10548,"comment_status":"closed","ping_status":"closed","sticky":false,"template":"","format":"standard","meta":{"footnotes":""},"categories":[33],"tags":[],"_links":{"self":[{"href":"https:\/\/www.conselharan.org\/ca\/wp-json\/wp\/v2\/posts\/10550"}],"collection":[{"href":"https:\/\/www.conselharan.org\/ca\/wp-json\/wp\/v2\/posts"}],"about":[{"href":"https:\/\/www.conselharan.org\/ca\/wp-json\/wp\/v2\/types\/post"}],"author":[{"embeddable":true,"href":"https:\/\/www.conselharan.org\/ca\/wp-json\/wp\/v2\/users\/2"}],"replies":[{"embeddable":true,"href":"https:\/\/www.conselharan.org\/ca\/wp-json\/wp\/v2\/comments?post=10550"}],"version-history":[{"count":1,"href":"https:\/\/www.conselharan.org\/ca\/wp-json\/wp\/v2\/posts\/10550\/revisions"}],"predecessor-version":[{"id":10551,"href":"https:\/\/www.conselharan.org\/ca\/wp-json\/wp\/v2\/posts\/10550\/revisions\/10551"}],"wp:featuredmedia":[{"embeddable":true,"href":"https:\/\/www.conselharan.org\/ca\/wp-json\/wp\/v2\/media\/10548"}],"wp:attachment":[{"href":"https:\/\/www.conselharan.org\/ca\/wp-json\/wp\/v2\/media?parent=10550"}],"wp:term":[{"taxonomy":"category","embeddable":true,"href":"https:\/\/www.conselharan.org\/ca\/wp-json\/wp\/v2\/categories?post=10550"},{"taxonomy":"post_tag","embeddable":true,"href":"https:\/\/www.conselharan.org\/ca\/wp-json\/wp\/v2\/tags?post=10550"}],"curies":[{"name":"wp","href":"https:\/\/api.w.org\/{rel}","templated":true}]}}