{"id":10723,"date":"2016-03-08T10:57:27","date_gmt":"2016-03-08T09:57:27","guid":{"rendered":"http:\/\/www.conselharan.org\/ca\/?p=10723"},"modified":"2016-03-08T10:58:00","modified_gmt":"2016-03-08T09:58:00","slug":"gran-acollida-del-documental-drop-in-a-life-daymar-navarro","status":"publish","type":"post","link":"https:\/\/www.conselharan.org\/ca\/gran-acollida-del-documental-drop-in-a-life-daymar-navarro\/","title":{"rendered":"Gran acollida del documental \u201cDrop in a Life\u201d d\u2019Aymar Navarro"},"content":{"rendered":"<p>\u2022<strong> A causa que el dissabte, 5 de mar\u00e7, m\u00e9s de 200 persones es van quedar sense poder veure el documental, el diumenge, 6 de mar\u00e7, es va realitzar una altra projecci\u00f3.<\/strong><\/p>\n<p>&nbsp;<\/p>\n<p><a href=\"http:\/\/www.conselharan.org\/wp-content\/uploads\/2016\/03\/aymar.jpg\"><img loading=\"lazy\" decoding=\"async\" class=\"aligncenter size-full wp-image-10718\" src=\"http:\/\/www.conselharan.org\/wp-content\/uploads\/2016\/03\/aymar.jpg\" alt=\"aymar\" width=\"960\" height=\"720\" srcset=\"https:\/\/www.conselharan.org\/wp-content\/uploads\/2016\/03\/aymar.jpg 960w, https:\/\/www.conselharan.org\/wp-content\/uploads\/2016\/03\/aymar-300x225.jpg 300w\" sizes=\"(max-width: 960px) 100vw, 960px\" \/><\/a><\/p>\n<p>&nbsp;<\/p>\n<p>El cap de setmana passat es va estrenar a la Val d\u2019Aran <strong>\u201cDrop in a Life\u201d<\/strong>, documental sobre la vida esportiva del rider aran\u00e8s,<strong> Aymar Navarro Combali\u00e9.<\/strong><\/p>\n<p>&nbsp;<\/p>\n<p><a href=\"http:\/\/www.conselharan.org\/wp-content\/uploads\/2016\/03\/drop-in-a-life-saxo-blu.jpg\"><img loading=\"lazy\" decoding=\"async\" class=\"aligncenter size-full wp-image-10720\" src=\"http:\/\/www.conselharan.org\/wp-content\/uploads\/2016\/03\/drop-in-a-life-saxo-blu.jpg\" alt=\"drop in a life-saxo blu\" width=\"960\" height=\"617\" srcset=\"https:\/\/www.conselharan.org\/wp-content\/uploads\/2016\/03\/drop-in-a-life-saxo-blu.jpg 960w, https:\/\/www.conselharan.org\/wp-content\/uploads\/2016\/03\/drop-in-a-life-saxo-blu-300x193.jpg 300w\" sizes=\"(max-width: 960px) 100vw, 960px\" \/><\/a><\/p>\n<p>&nbsp;<\/p>\n<p>L&#8217;estrena va tenir una resposta massiva de la gent, el dissabte, 5 de mar\u00e7, mitja hora abans de comen\u00e7ar la projecci\u00f3 del documental l&#8217;Audiovisual de Vielha ja estava plena i m\u00e9s de 200 persones es van quedar a les portes de poder entrar.<\/p>\n<p>Per aquesta ra\u00f3 es va decidir realitzar una altra projecci\u00f3 el diumenge, 6 de mar\u00e7, en un conegut Pub de la Val d\u2019Aran, el qual es va tornar a omplir fins a arribar a l&#8217;aforament complet i haver de tancar novament les portes.<\/p>\n<p>&nbsp;<\/p>\n<p><a href=\"http:\/\/www.conselharan.org\/wp-content\/uploads\/2016\/03\/aymar-familia-y-conselh\u00e8rs-VdA.jpg\"><img loading=\"lazy\" decoding=\"async\" class=\"aligncenter size-large wp-image-10719\" src=\"http:\/\/www.conselharan.org\/wp-content\/uploads\/2016\/03\/aymar-familia-y-conselh\u00e8rs-VdA-768x1024.jpg\" alt=\"aymar- familia y conselh\u00e8rs VdA\" width=\"768\" height=\"1024\" srcset=\"https:\/\/www.conselharan.org\/wp-content\/uploads\/2016\/03\/aymar-familia-y-conselh\u00e8rs-VdA-768x1024.jpg 768w, https:\/\/www.conselharan.org\/wp-content\/uploads\/2016\/03\/aymar-familia-y-conselh\u00e8rs-VdA-225x300.jpg 225w, https:\/\/www.conselharan.org\/wp-content\/uploads\/2016\/03\/aymar-familia-y-conselh\u00e8rs-VdA.jpg 1200w\" sizes=\"(max-width: 768px) 100vw, 768px\" \/><\/a><\/p>\n<p>&nbsp;<\/p>\n<p>L&#8217;acte va comptar amb la pres\u00e8ncia de la conselh\u00e8ra de Turisme i Desenvolupament Econ\u00f2mic d&#8217;Aran, <strong>Anna D\u00edaz<\/strong> i del conselh\u00e8r de Territori d&#8217;Aran, <strong>Jose A. Boya<\/strong>, que van mostrar el seu suport i admiraci\u00f3 cap a Aymar.<\/p>\n<p>Pr\u00f2ximament s&#8217;estrenar\u00e0 el documental \u201cDrop in a life\u201d Online.<\/p>\n<p><strong>Aymar Navarro<\/strong> ha manifestat <strong>\u201cestic molt feli\u00e7 que hi hagi tanta gent interessada en veure el que faig i al que em dedico, aix\u00f2 \u00e9s una motivaci\u00f3 extra per seguir creixent i creient\u201d.<\/strong><\/p>\n<p>El documental de 50 minuts, ho ha realitzat <strong>BumpyFilms<\/strong> i compta amb aportacions d&#8217;amics i familiars que parlen i opinen sobre la traject\u00f2ria esportiva d&#8217;Aymar, an\u00e8cdotes,&#8230; amb imatges d&#8217;aquests \u00faltims 5 anys<\/p>\n<p>Aymar Navarro, va signar un conveni amb el <strong>Conselh Generau d&#8217;Aran<\/strong> i <strong>Foment Torisme Val d&#8217;Aran<\/strong> per promoure la destinaci\u00f3 tur\u00edstica esportiva Val d&#8217;Aran pel m\u00f3n, representada en la imatge i en els valors del rider aran\u00e8s.<\/p>\n<p>Trailer de \u201cDrop in a Life\u201d d\u2019Aymar Navarro en:<br \/>\n<a href=\"https:\/\/www.youtube.com\/watch?v=2vHQaaj_0ZM\" target=\"_blank\">https:\/\/www.youtube.com\/watch?v=2vHQaaj_0ZM<\/a><\/p>\n<p>&nbsp;<\/p>\n<p>Vielha, 8 de mar\u00e7 de 2016<\/p>\n<p>&nbsp;<\/p>\n<p><em>Conselh Generau d&#8217;Aran: N\u00faria Sanjuan<\/em><\/p>\n ","protected":false},"excerpt":{"rendered":"<p>\u2022 A causa que el dissabte, 5 de mar\u00e7, m\u00e9s de 200 persones es van quedar sense poder veure el documental, el diumenge, 6 de mar\u00e7, es va realitzar una altra projecci\u00f3. &nbsp; &nbsp; El cap de setmana passat es va estrenar a la Val d\u2019Aran \u201cDrop in a Life\u201d, documental sobre la vida esportiva&#8230;<\/p>\n","protected":false},"author":2,"featured_media":10721,"comment_status":"closed","ping_status":"closed","sticky":false,"template":"","format":"standard","meta":{"footnotes":""},"categories":[33],"tags":[],"_links":{"self":[{"href":"https:\/\/www.conselharan.org\/ca\/wp-json\/wp\/v2\/posts\/10723"}],"collection":[{"href":"https:\/\/www.conselharan.org\/ca\/wp-json\/wp\/v2\/posts"}],"about":[{"href":"https:\/\/www.conselharan.org\/ca\/wp-json\/wp\/v2\/types\/post"}],"author":[{"embeddable":true,"href":"https:\/\/www.conselharan.org\/ca\/wp-json\/wp\/v2\/users\/2"}],"replies":[{"embeddable":true,"href":"https:\/\/www.conselharan.org\/ca\/wp-json\/wp\/v2\/comments?post=10723"}],"version-history":[{"count":1,"href":"https:\/\/www.conselharan.org\/ca\/wp-json\/wp\/v2\/posts\/10723\/revisions"}],"predecessor-version":[{"id":10724,"href":"https:\/\/www.conselharan.org\/ca\/wp-json\/wp\/v2\/posts\/10723\/revisions\/10724"}],"wp:featuredmedia":[{"embeddable":true,"href":"https:\/\/www.conselharan.org\/ca\/wp-json\/wp\/v2\/media\/10721"}],"wp:attachment":[{"href":"https:\/\/www.conselharan.org\/ca\/wp-json\/wp\/v2\/media?parent=10723"}],"wp:term":[{"taxonomy":"category","embeddable":true,"href":"https:\/\/www.conselharan.org\/ca\/wp-json\/wp\/v2\/categories?post=10723"},{"taxonomy":"post_tag","embeddable":true,"href":"https:\/\/www.conselharan.org\/ca\/wp-json\/wp\/v2\/tags?post=10723"}],"curies":[{"name":"wp","href":"https:\/\/api.w.org\/{rel}","templated":true}]}}