{"id":10812,"date":"2016-03-10T15:44:19","date_gmt":"2016-03-10T14:44:19","guid":{"rendered":"http:\/\/www.conselharan.org\/ca\/?p=10812"},"modified":"2016-03-10T15:48:21","modified_gmt":"2016-03-10T14:48:21","slug":"el-sindic-daran-carlos-barrera-i-el-secretari-de-lesport-de-la-generalitat-gerard-figueras-estudien-la-creacio-de-la-federacio-aranesa-desports-dhivern","status":"publish","type":"post","link":"https:\/\/www.conselharan.org\/ca\/el-sindic-daran-carlos-barrera-i-el-secretari-de-lesport-de-la-generalitat-gerard-figueras-estudien-la-creacio-de-la-federacio-aranesa-desports-dhivern\/","title":{"rendered":"El sindic d\u2019Aran Carlos Barrera i el secretari de l\u2019Esport de la Generalitat Gerard Figueras estudien la creaci\u00f3 de la Federaci\u00f3 Aranesa d\u2019Esports d\u2019Hivern"},"content":{"rendered":"<p>Barcelona, 10 de mar\u00e7 de 2016.- El sindic d\u2019Aran <strong>Carlos Barrera<\/strong> i el secretari general de l\u2019Esport de la Generalitat <strong>Gerard Figueras<\/strong>, han mantingut avui una reuni\u00f3 de treball en la que Barrera, li ha transm\u00e8s la voluntat del Conselh Generau d\u2019Aran de tirar endavant la creaci\u00f3 de la Federaci\u00f3 Aranesa d\u2019Esports d\u2019Hivern.<\/p>\n<p>&nbsp;<\/p>\n<p><a href=\"http:\/\/www.conselharan.org\/wp-content\/uploads\/2016\/03\/015.jpg\"><img loading=\"lazy\" decoding=\"async\" class=\"aligncenter wp-image-10807\" src=\"http:\/\/www.conselharan.org\/wp-content\/uploads\/2016\/03\/015-1024x716.jpg\" alt=\"015\" width=\"700\" height=\"490\" srcset=\"https:\/\/www.conselharan.org\/wp-content\/uploads\/2016\/03\/015-1024x716.jpg 1024w, https:\/\/www.conselharan.org\/wp-content\/uploads\/2016\/03\/015-300x210.jpg 300w, https:\/\/www.conselharan.org\/wp-content\/uploads\/2016\/03\/015.jpg 1575w\" sizes=\"(max-width: 700px) 100vw, 700px\" \/><\/a><\/p>\n<p>El desplegament de la nova <strong>Llei d\u2019Aran, aprovada pel Parlament de Catalunya el 21 de gener de 2015<\/strong>, en l\u2019article 57.6, atorga la possibilitat de desenvolupar aquesta compet\u00e8ncia al Conselh Generau d\u2019Aran.<\/p>\n<p>&nbsp;<\/p>\n<blockquote><p><em>Article 57. <\/em><\/p>\n<p><em>Esp\u00f2rts e l\u00e9ser<\/em><\/p>\n<p><em style=\"line-height: 1.5\">1.Corresponen ath Conselh Generau d&#8217;Aran es compet\u00e9ncies seg\u00fcentes en mat\u00e8ria d&#8217;esp\u00f2rt:<\/em><\/p>\n<p style=\"padding-left: 30px\"><em>a) Eth foment, era divulgacion, era planificacion, era coordinacion, era execucion, er assessorament, era implantacion e era projeccion dera practica dera activitat fisica e der esp\u00f2rt en Aran. <\/em><\/p>\n<p style=\"padding-left: 30px\"><em>b) Eth foment e era promocion der associacionisme esportiu. <\/em><\/p>\n<p style=\"padding-left: 30px\"><em>c) Era planificacion e era promocion deth hilat d&#8217;equipaments esportius. <\/em><\/p>\n<p style=\"padding-left: 30px\"><em>d) Era participacion ena prevencion dera viol\u00e9ncia enes espectacles publics esportius. <\/em><\/p>\n<p style=\"padding-left: 30px\"><em>e) Eth registre d&#8217;entitats que prom\u00f2n e organizen era practica dera activitat esportiva damb seden\u00e7a en Aran.<\/em><\/p>\n<p><em>6.\u00a0<\/em><em style=\"line-height: 1.5\">Eth Conselh Generau d&#8217;Aran a compet\u00e9ncia ent\u00e0 establir eth regim juridic des federacions e clubs esportius e des entitats araneses que prom\u00f2n e organizen era practica der esp\u00f2rt e era activitat fisica en encastre d&#8217;Aran, e tanben entara declaracion d&#8217;usatge public des entitats esportives.<\/em><\/p><\/blockquote>\n<p>&nbsp;<\/p>\n<p>El s\u00edndic d\u2019Aran Carlos Barrera, ha explicat que la creaci\u00f3 de la Federaci\u00f3 Aranesa d\u2019Esports d\u2019Hivern, haur\u00e0 de comportar la modificaci\u00f3 de la Llei catalana de l\u2019esport, per donar resposta a aquesta petici\u00f3.<\/p>\n<p>En la reuni\u00f3 d\u2019avui, Gerard Figueras ha manifestat al sindic d\u2019Aran, la implicaci\u00f3 i el suport de la secretaria de l\u2019Esport de la Generalitat al Conselh Generau d\u2019Aran, en l\u2019organitzaci\u00f3 de la <strong>final de la Copa del M\u00f3n de Snowboard Cross<\/strong> que es celebrar\u00e0 a\u00a0 Baqueira Beret els dies 19 i 20 de mar\u00e7, aix\u00ed com en l\u2019organitzaci\u00f3 de la <strong>novena etapa del Tour de Fran\u00e7a 2016 del dia 10 de juliol, que sortir\u00e0 de Vielha e Mijaran<\/strong> i acabar\u00e0 a Andorra.<\/p>\n ","protected":false},"excerpt":{"rendered":"<p>Barcelona, 10 de mar\u00e7 de 2016.- El sindic d\u2019Aran Carlos Barrera i el secretari general de l\u2019Esport de la Generalitat Gerard Figueras, han mantingut avui una reuni\u00f3 de treball en la que Barrera, li ha transm\u00e8s la voluntat del Conselh Generau d\u2019Aran de tirar endavant la creaci\u00f3 de la Federaci\u00f3 Aranesa d\u2019Esports d\u2019Hivern. &nbsp; El&#8230;<\/p>\n","protected":false},"author":2,"featured_media":10807,"comment_status":"closed","ping_status":"closed","sticky":false,"template":"","format":"standard","meta":{"footnotes":""},"categories":[53,36],"tags":[],"_links":{"self":[{"href":"https:\/\/www.conselharan.org\/ca\/wp-json\/wp\/v2\/posts\/10812"}],"collection":[{"href":"https:\/\/www.conselharan.org\/ca\/wp-json\/wp\/v2\/posts"}],"about":[{"href":"https:\/\/www.conselharan.org\/ca\/wp-json\/wp\/v2\/types\/post"}],"author":[{"embeddable":true,"href":"https:\/\/www.conselharan.org\/ca\/wp-json\/wp\/v2\/users\/2"}],"replies":[{"embeddable":true,"href":"https:\/\/www.conselharan.org\/ca\/wp-json\/wp\/v2\/comments?post=10812"}],"version-history":[{"count":2,"href":"https:\/\/www.conselharan.org\/ca\/wp-json\/wp\/v2\/posts\/10812\/revisions"}],"predecessor-version":[{"id":10816,"href":"https:\/\/www.conselharan.org\/ca\/wp-json\/wp\/v2\/posts\/10812\/revisions\/10816"}],"wp:featuredmedia":[{"embeddable":true,"href":"https:\/\/www.conselharan.org\/ca\/wp-json\/wp\/v2\/media\/10807"}],"wp:attachment":[{"href":"https:\/\/www.conselharan.org\/ca\/wp-json\/wp\/v2\/media?parent=10812"}],"wp:term":[{"taxonomy":"category","embeddable":true,"href":"https:\/\/www.conselharan.org\/ca\/wp-json\/wp\/v2\/categories?post=10812"},{"taxonomy":"post_tag","embeddable":true,"href":"https:\/\/www.conselharan.org\/ca\/wp-json\/wp\/v2\/tags?post=10812"}],"curies":[{"name":"wp","href":"https:\/\/api.w.org\/{rel}","templated":true}]}}