{"id":10830,"date":"2016-03-11T11:21:15","date_gmt":"2016-03-11T10:21:15","guid":{"rendered":"http:\/\/www.conselharan.org\/ca\/?p=10830"},"modified":"2016-03-14T20:35:14","modified_gmt":"2016-03-14T19:35:14","slug":"el-govern-daran-senyalitzara-lacces-al-pic-del-montlude","status":"publish","type":"post","link":"https:\/\/www.conselharan.org\/ca\/el-govern-daran-senyalitzara-lacces-al-pic-del-montlude\/","title":{"rendered":"El Gov\u00e8rn d\u2019Aran senyalitzar\u00e0 l\u2019acc\u00e9s al Pic del Montlude"},"content":{"rendered":"<p><strong>\u2022 El projecte, que es troba en fase de valoraci\u00f3, consta en senyalitzar l&#8217;acc\u00e9s al Pic del Montlude de 2518m d&#8217;al\u00e7ada i podr\u00e0 ser accessible des de Canejan, Les, Boss\u00f2st, Arres o Vilam\u00f2s.<\/strong><\/p>\n<p>&nbsp;<\/p>\n<p><a href=\"http:\/\/www.conselharan.org\/wp-content\/uploads\/2016\/03\/DSC_0093.jpg\"><img loading=\"lazy\" decoding=\"async\" class=\"aligncenter size-large wp-image-10827\" src=\"http:\/\/www.conselharan.org\/wp-content\/uploads\/2016\/03\/DSC_0093-1024x687.jpg\" alt=\"DSC_0093\" width=\"1024\" height=\"687\" srcset=\"https:\/\/www.conselharan.org\/wp-content\/uploads\/2016\/03\/DSC_0093-1024x687.jpg 1024w, https:\/\/www.conselharan.org\/wp-content\/uploads\/2016\/03\/DSC_0093-300x201.jpg 300w\" sizes=\"(max-width: 1024px) 100vw, 1024px\" \/><\/a><\/p>\n<p><em>El sindic d\u2019Aran, Carlos Barrera, amb el conselh\u00e8r de Territori d\u2019Aran, Jose Antonio Boya, la conselh\u00e8ra de Turisme i Desenvolupament Econ\u00f2mic d\u2019Aran, Anna D\u00edaz, el conselh\u00e8r d\u2019Agricultura, Ramaderia i Medi Natural d\u2019Aran, Jose Enrique Arr\u00f3 i el t\u00e8cnic del Conselh Generau d\u2019Aran, Jordi Gavald\u00e0.<\/em><\/p>\n<p>&nbsp;<\/p>\n<p>El Conselh Generau d\u2019Aran, mitjan\u00e7ant la conselheria de Territori, est\u00e0 dissenyant una nova oferta d\u2019activitat de muntanya pel Baix Aran i Irissa.<br \/>\nEl projecte, que es troba en la fase de valoraci\u00f3, consta en senyalitzar l&#8217;acc\u00e9s al Pic del Montlude de 2518m d&#8217;al\u00e7ada i podr\u00e0 ser accessible des de Canejan, Les, Boss\u00f2st, Arres o Vilam\u00f2s.<\/p>\n<p>&nbsp;<\/p>\n<p><a href=\"http:\/\/www.conselharan.org\/wp-content\/uploads\/2016\/03\/Montlude.jpg\"><img loading=\"lazy\" decoding=\"async\" class=\"aligncenter size-large wp-image-10836\" src=\"http:\/\/www.conselharan.org\/wp-content\/uploads\/2016\/03\/Montlude-1024x785.jpg\" alt=\"Montlude\" width=\"1024\" height=\"785\" srcset=\"https:\/\/www.conselharan.org\/wp-content\/uploads\/2016\/03\/Montlude-1024x785.jpg 1024w, https:\/\/www.conselharan.org\/wp-content\/uploads\/2016\/03\/Montlude-300x230.jpg 300w\" sizes=\"(max-width: 1024px) 100vw, 1024px\" \/><\/a><\/p>\n<p>&nbsp;<\/p>\n<p>En paraules del conselh\u00e8r de Territori d\u2019Aran, <strong>Jose Antonio Boya, \u201cdes de cada un d\u2019aquests pobles es senyalitzar\u00e0 el cam\u00ed d\u2019acc\u00e9s al Montlude aquest estiu i, el Conselh Generau d\u2019Aran i l&#8217;Ajuntament de Boss\u00f2st col\u2022laboraran en la recuperaci\u00f3 del cam\u00ed de Margalida que es podr\u00e0 utilitzar per iniciar aquesta ruta des de la mateixa poblaci\u00f3. Tamb\u00e9 caldr\u00e0 comptar amb la col\u2022laboraci\u00f3 dels altres Ajuntaments perqu\u00e8 s\u2019impliquin, juntament amb el Conselh Generau d\u2019Aran, en la neteja d\u2019algun dels camins tradicionals que actualment es troben for\u00e7a emboscats\u201d.<\/strong><\/p>\n<p>&nbsp;<\/p>\n<p><a href=\"http:\/\/www.conselharan.org\/wp-content\/uploads\/2016\/03\/DSC_0098.jpg\"><img loading=\"lazy\" decoding=\"async\" class=\"aligncenter size-large wp-image-10828\" src=\"http:\/\/www.conselharan.org\/wp-content\/uploads\/2016\/03\/DSC_0098-1024x687.jpg\" alt=\"DSC_0098\" width=\"1024\" height=\"687\" srcset=\"https:\/\/www.conselharan.org\/wp-content\/uploads\/2016\/03\/DSC_0098-1024x687.jpg 1024w, https:\/\/www.conselharan.org\/wp-content\/uploads\/2016\/03\/DSC_0098-300x201.jpg 300w\" sizes=\"(max-width: 1024px) 100vw, 1024px\" \/><\/a><\/p>\n<p>&nbsp;<\/p>\n<p>La senyalitzaci\u00f3 d\u2019aquest projecte aniria a c\u00e0rrec del Conselh Generau d\u2019Aran que tamb\u00e9 participaria en la recuperaci\u00f3 i neteja dels camins.<\/p>\n<p><strong>\u201cLa panor\u00e0mica que es pot divisar des del Pic del Montlude \u00e9s for\u00e7a espectacular i d\u2019una gran bellesa\u201d<\/strong> ha manifestat la conselh\u00e8ra de Turisme i Desenvolupament Econ\u00f2mic d\u2019Aran,<strong> Anna D\u00edaz<\/strong>.<\/p>\n<p>La conselh\u00e8ra <strong>D\u00edaz<\/strong> ha afegit <strong>\u201cla proposta de potenciar el Montlude com un referent d&#8217;alta muntanya pels ter\u00e7ons de Irissa i Quate L\u00f2cs \u00e9s pels seus valors naturals i tamb\u00e9 perqu\u00e8 \u00e9s accessible des d\u2019aquests cinc pobles. Aquest fet el fa for\u00e7a m\u00e9s atractiu ja que la ruta d\u2019acc\u00e9s i descens pot ser diferent amb final sempre en un d\u2019aquests cinc pobles\u201d.<\/strong><\/p>\n<p>\u201c<strong>Una vegada dissenyades les rutes, les conselh\u00e8ries de Territori d\u2019Aran i de Turisme i Desenvolupament Econ\u00f2mic d\u2019Aran faran una trobada amb els cinc alcaldes implicats per exposar el projecte i consolidar-lo com un objectiu com\u00fa\u201d<\/strong> ha assenyalat el sindic d\u2019Aran, <strong>Carlos Barrera.<\/strong><\/p>\n<p>&nbsp;<\/p>\n<p>&nbsp;<\/p>\n<p>Vielha, 11 de mar\u00e7 de 2016<\/p>\n<p>&nbsp;<\/p>\n<p><em>Conselh Generau d&#8217;Aran: N\u00faria Sanjuan<\/em><\/p>\n ","protected":false},"excerpt":{"rendered":"<p>\u2022 El projecte, que es troba en fase de valoraci\u00f3, consta en senyalitzar l&#8217;acc\u00e9s al Pic del Montlude de 2518m d&#8217;al\u00e7ada i podr\u00e0 ser accessible des de Canejan, Les, Boss\u00f2st, Arres o Vilam\u00f2s. &nbsp; El sindic d\u2019Aran, Carlos Barrera, amb el conselh\u00e8r de Territori d\u2019Aran, Jose Antonio Boya, la conselh\u00e8ra de Turisme i Desenvolupament Econ\u00f2mic&#8230;<\/p>\n","protected":false},"author":2,"featured_media":10827,"comment_status":"closed","ping_status":"closed","sticky":false,"template":"","format":"standard","meta":{"footnotes":""},"categories":[53],"tags":[],"_links":{"self":[{"href":"https:\/\/www.conselharan.org\/ca\/wp-json\/wp\/v2\/posts\/10830"}],"collection":[{"href":"https:\/\/www.conselharan.org\/ca\/wp-json\/wp\/v2\/posts"}],"about":[{"href":"https:\/\/www.conselharan.org\/ca\/wp-json\/wp\/v2\/types\/post"}],"author":[{"embeddable":true,"href":"https:\/\/www.conselharan.org\/ca\/wp-json\/wp\/v2\/users\/2"}],"replies":[{"embeddable":true,"href":"https:\/\/www.conselharan.org\/ca\/wp-json\/wp\/v2\/comments?post=10830"}],"version-history":[{"count":3,"href":"https:\/\/www.conselharan.org\/ca\/wp-json\/wp\/v2\/posts\/10830\/revisions"}],"predecessor-version":[{"id":10838,"href":"https:\/\/www.conselharan.org\/ca\/wp-json\/wp\/v2\/posts\/10830\/revisions\/10838"}],"wp:featuredmedia":[{"embeddable":true,"href":"https:\/\/www.conselharan.org\/ca\/wp-json\/wp\/v2\/media\/10827"}],"wp:attachment":[{"href":"https:\/\/www.conselharan.org\/ca\/wp-json\/wp\/v2\/media?parent=10830"}],"wp:term":[{"taxonomy":"category","embeddable":true,"href":"https:\/\/www.conselharan.org\/ca\/wp-json\/wp\/v2\/categories?post=10830"},{"taxonomy":"post_tag","embeddable":true,"href":"https:\/\/www.conselharan.org\/ca\/wp-json\/wp\/v2\/tags?post=10830"}],"curies":[{"name":"wp","href":"https:\/\/api.w.org\/{rel}","templated":true}]}}