{"id":10893,"date":"2016-03-14T20:25:54","date_gmt":"2016-03-14T19:25:54","guid":{"rendered":"http:\/\/www.conselharan.org\/ca\/?p=10893"},"modified":"2016-03-14T20:26:11","modified_gmt":"2016-03-14T19:26:11","slug":"el-conselh-generau-daran-acull-la-presentacio-de-la-final-de-la-copa-del-mon-de-snowboard-cross-que-se-celebrara-a-baqueira-beret","status":"publish","type":"post","link":"https:\/\/www.conselharan.org\/ca\/el-conselh-generau-daran-acull-la-presentacio-de-la-final-de-la-copa-del-mon-de-snowboard-cross-que-se-celebrara-a-baqueira-beret\/","title":{"rendered":"El Conselh Generau d\u2019Aran acull la presentaci\u00f3 de la final de la Copa del M\u00f3n de Snowboard Cross que se celebrar\u00e0 a  Baqueira Beret"},"content":{"rendered":"<p>En aquesta carrera es decidir\u00e0 el podi del circuit de m\u00e0xim nivell mundial entre els quals pot estar l&#8217;esportista espanyol de la RFEDI Lucas Eguibar guanyador de la temporada 2014-2015.<\/p>\n<p>&nbsp;<\/p>\n<p><a href=\"http:\/\/www.conselharan.org\/wp-content\/uploads\/2016\/03\/PRESENTACION-SBX.jpg\"><img loading=\"lazy\" decoding=\"async\" class=\"aligncenter size-large wp-image-10890\" src=\"http:\/\/www.conselharan.org\/wp-content\/uploads\/2016\/03\/PRESENTACION-SBX-1024x612.jpg\" alt=\"PRESENTACION SBX\" width=\"1024\" height=\"612\" srcset=\"https:\/\/www.conselharan.org\/wp-content\/uploads\/2016\/03\/PRESENTACION-SBX-1024x612.jpg 1024w, https:\/\/www.conselharan.org\/wp-content\/uploads\/2016\/03\/PRESENTACION-SBX-300x179.jpg 300w\" sizes=\"(max-width: 1024px) 100vw, 1024px\" \/><\/a><\/p>\n<p>&nbsp;<\/p>\n<p>El Conselh Generau d\u2019Aran ha acollit la presentaci\u00f3 de l&#8217;\u00faltima prova de la Copa del M\u00f3n de snowboard cross FIS (SBX) que se celebrar\u00e0 en l&#8217;estaci\u00f3 d&#8217;esqu\u00ed de la Val d\u2019Aran, Baqueira Beret, el cap de setmana del 19 al 20 de mar\u00e7.<\/p>\n<p>L&#8217;acte ha estat presidit pel vicesindic d&#8217;Aran i conselh\u00e8r d&#8217;Esports, <strong>Luis Carlos Medina<\/strong>, el president de la Real Federaci\u00f3 Espanyola Esports d&#8217;Hivern (RFEDI), <strong>May Peus,<\/strong> el director comercial de Baqueira Beret, <strong>Xavi Ubeira,<\/strong> i el director gerent de Baqueira Beret, <strong>Francis Coll.<\/strong><\/p>\n<p>El vicesindic d&#8217;Aran i conselh\u00e8r d&#8217;Esports, <strong>Luis Carlos Medina<\/strong>, ha manifestat \u201c<strong>per la Val d\u2019Aran comptar amb una prova d&#8217;aquest nivell \u00e9s un revulsiu per mostrar-nos al m\u00f3n com a destinaci\u00f3 esportiva de m\u00e0xim inter\u00e8s. Tenir la possibilitat de disputar un campionat del m\u00f3n de SBX i a m\u00e9s la final d&#8217;aquest campionat \u00e9s una gran oportunitat per donar a con\u00e8ixer Baqueira Beret i tota la Val d\u2019Aran en pa\u00efsos en els quals d&#8217;una altra manera no seria possible, a m\u00e9s tenim la possibilitat que els esportistes del nivell de Lucas Eguibar, Laro Herrero i Regino Fern\u00e1ndez de la RFEDI puguin competir a casa, un altre fet que fa m\u00e9s interessant aquesta modalitat\u201d.<\/strong><\/p>\n<p><strong>Medina<\/strong> ha afegit <strong>\u201cnom\u00e9s podem dir que el Snowboard, Baqueira Beret i la Val d\u2019Aran estem d&#8217;enhorabona en poder acollir aquesta prova. L&#8217;esfor\u00e7 de totes les persones que treballen ho mereix\u201d.<\/strong><\/p>\n<p>&nbsp;<\/p>\n<p><a href=\"http:\/\/www.conselharan.org\/wp-content\/uploads\/2016\/03\/grop-CAEI.jpg\"><img loading=\"lazy\" decoding=\"async\" class=\"aligncenter size-large wp-image-10891\" src=\"http:\/\/www.conselharan.org\/wp-content\/uploads\/2016\/03\/grop-CAEI-1024x776.jpg\" alt=\"grop CAEI\" width=\"1024\" height=\"776\" srcset=\"https:\/\/www.conselharan.org\/wp-content\/uploads\/2016\/03\/grop-CAEI-1024x776.jpg 1024w, https:\/\/www.conselharan.org\/wp-content\/uploads\/2016\/03\/grop-CAEI-300x227.jpg 300w\" sizes=\"(max-width: 1024px) 100vw, 1024px\" \/><\/a><\/p>\n<p><em>Amb l&#8217;equip de Snowboard del CAEI<\/em><\/p>\n<p>&nbsp;<\/p>\n<p><strong>Un Village en meta amb molta animaci\u00f3<\/strong><\/p>\n<p>Per al divendres d&#8217;entrenaments, el dissabte de classificat\u00f2ries i les finals del diumenge, est\u00e0 tot dissenyat perqu\u00e8 els espectadors que acudeixin a l&#8217;esdeveniment gaudeixin d&#8217;una aut\u00e8ntica festa. Per a aix\u00f2 s&#8217;han preparat diverses activitats i animacions paral\u2022leles que tindran lloc en un Village instal\u2022lat a peu de pistes. Es podran trobar fins a una dotzena de carpes de diferents marques per mostrar al p\u00fablic les \u00faltimes novetats en material i tamb\u00e9 ser\u00e0 una excel\u2022lent oportunitat per donar a con\u00e8ixer l&#8217;inigualable entorn que envolta l&#8217;estaci\u00f3: la bellesa del paisatge, la riquesa del patrimoni rom\u00e0nic i les exquisideses de la seva gastronomia, aix\u00ed com les m\u00faltiples i atractives opcions per l&#8217;apr\u00e8s-ski. Des del village es divulgaran les diferents rutes i llocs per visitar i s&#8217;oferiran productes de la marca de garantia Val d\u2019Aran, aix\u00ed com una mostra dels plats t\u00edpics de la cuina aranesa.<\/p>\n<p>Aix\u00ed mateix, coincidint amb la final de la Copa del M\u00f3n de surf de neu el <strong>dissabte, 19 de mar\u00e7<\/strong>, tindr\u00e0 lloc una nova edici\u00f3 d&#8217;<strong>Era \u00d2lhada<\/strong> en el village (Pla de Beret) on es podr\u00e0 degustar el plat m\u00e9s tradicional de la Val d\u2019Aran, l&#8217;\u00f2lha aranesa.<\/p>\n<p>D&#8217;altra banda, des <strong>del 14 al 20 de mar\u00e7<\/strong> t\u00e9 lloc en la Val d\u2019Aran la <strong>Setmana del Caviar<\/strong> per degustar aquesta joia de la gastronomia aranesa amb els men\u00fas que ofereixen vuit dels millors restaurants del territori.<\/p>\n<p>I per posar punt final a l&#8217;esdeveniment, el diumenge a partir de les 14:30 en el Village se celebrar\u00e0 la festa de clausura amb un DJ convidat i moltes altres sorpreses!<\/p>\n<p><strong>Programa<\/strong><\/p>\n<p><strong>Divendres, 18 de mar\u00e7 de 2016<\/strong><\/p>\n<p>8.30h a 13h: Entrenaments lliures SBX pel tra\u00e7at de carrera.<br \/>\n18h: Reuni\u00f3 de capitans d&#8217;equip a l&#8217;Hotel Tuc Blanc<br \/>\nA partir de les 12h obertura del Village per a p\u00fablic amb m\u00fasica, marques del sector i stands de menjar<\/p>\n<p><strong>Dissabte, 19 de mar\u00e7 de 2016<\/strong><\/p>\n<p>9h: Obertura de remuntadors<br \/>\n9h30: Inspecci\u00f3 de pista i entrenaments<br \/>\nA partir de les 10h obertura del Village per a p\u00fablic amb m\u00fasica, marques del sector i stands de menjar<br \/>\n10h45: Inici classificat\u00f2ria masculina<br \/>\n13h30: Inici classificat\u00f2ria femenina<br \/>\n18h30: Reuni\u00f3 de capitans d&#8217;equip<\/p>\n<p><strong>Domingo, 20 de mar\u00e7 de 2016<\/strong><\/p>\n<p>9h: Obertura de remuntadors<br \/>\nA partir de les 10h obertura del Village per a p\u00fablic amb m\u00fasica, marques del sector i stands de menjar<br \/>\n10h45: Inspecci\u00f3 de pista<br \/>\n11h45: Entrenaments<br \/>\n12h45: Inici de les finals<br \/>\n14h: Cerim\u00f2nia de lliurament de premis<br \/>\n14h30: Festa de clausura de la Copa del M\u00f3n en el Village de meta amb DJ<\/p>\n<p>&nbsp;<\/p>\n<p>Vielha, 14 de mar\u00e7 de 2016<\/p>\n<p>&nbsp;<\/p>\n<p><em>Conselh Generau d&#8217;Aran: N\u00faria Sanjuan<\/em><\/p>\n ","protected":false},"excerpt":{"rendered":"<p>En aquesta carrera es decidir\u00e0 el podi del circuit de m\u00e0xim nivell mundial entre els quals pot estar l&#8217;esportista espanyol de la RFEDI Lucas Eguibar guanyador de la temporada 2014-2015. &nbsp; &nbsp; El Conselh Generau d\u2019Aran ha acollit la presentaci\u00f3 de l&#8217;\u00faltima prova de la Copa del M\u00f3n de snowboard cross FIS (SBX) que se&#8230;<\/p>\n","protected":false},"author":2,"featured_media":10891,"comment_status":"closed","ping_status":"closed","sticky":false,"template":"","format":"standard","meta":{"footnotes":""},"categories":[53],"tags":[],"_links":{"self":[{"href":"https:\/\/www.conselharan.org\/ca\/wp-json\/wp\/v2\/posts\/10893"}],"collection":[{"href":"https:\/\/www.conselharan.org\/ca\/wp-json\/wp\/v2\/posts"}],"about":[{"href":"https:\/\/www.conselharan.org\/ca\/wp-json\/wp\/v2\/types\/post"}],"author":[{"embeddable":true,"href":"https:\/\/www.conselharan.org\/ca\/wp-json\/wp\/v2\/users\/2"}],"replies":[{"embeddable":true,"href":"https:\/\/www.conselharan.org\/ca\/wp-json\/wp\/v2\/comments?post=10893"}],"version-history":[{"count":1,"href":"https:\/\/www.conselharan.org\/ca\/wp-json\/wp\/v2\/posts\/10893\/revisions"}],"predecessor-version":[{"id":10894,"href":"https:\/\/www.conselharan.org\/ca\/wp-json\/wp\/v2\/posts\/10893\/revisions\/10894"}],"wp:featuredmedia":[{"embeddable":true,"href":"https:\/\/www.conselharan.org\/ca\/wp-json\/wp\/v2\/media\/10891"}],"wp:attachment":[{"href":"https:\/\/www.conselharan.org\/ca\/wp-json\/wp\/v2\/media?parent=10893"}],"wp:term":[{"taxonomy":"category","embeddable":true,"href":"https:\/\/www.conselharan.org\/ca\/wp-json\/wp\/v2\/categories?post=10893"},{"taxonomy":"post_tag","embeddable":true,"href":"https:\/\/www.conselharan.org\/ca\/wp-json\/wp\/v2\/tags?post=10893"}],"curies":[{"name":"wp","href":"https:\/\/api.w.org\/{rel}","templated":true}]}}