{"id":10991,"date":"2016-03-18T22:01:50","date_gmt":"2016-03-18T21:01:50","guid":{"rendered":"http:\/\/www.conselharan.org\/ca\/?p=10991"},"modified":"2016-03-18T22:02:06","modified_gmt":"2016-03-18T21:02:06","slug":"tot-a-punt-a-baqueira-beret-per-la-final-de-la-copa-del-mon-de-sbx-fis","status":"publish","type":"post","link":"https:\/\/www.conselharan.org\/ca\/tot-a-punt-a-baqueira-beret-per-la-final-de-la-copa-del-mon-de-sbx-fis\/","title":{"rendered":"Tot a punt a Baqueira Beret per la final de la Copa del M\u00f3n de SBX FIS"},"content":{"rendered":"<p><strong>Els corredors han entrenat en el circuit del Pla de Beret, on dem\u00e0 dissabte 19 i el diumenge 20 de mar\u00e7, disputaran la gran final de la Copa del M\u00f3n de Snowboard Cross (SBX) FIS<\/strong><\/p>\n<p><strong>En aquesta carrera es decidir\u00e0 el podi del circuit de m\u00e0xim nivell mundial entre els quals pot estar l&#8217;esportista espanyol de la RFEDI, Lucas Eguibar, guanyador de la temporada 2014-2015.<\/strong><\/p>\n<p>&nbsp;<\/p>\n<p><a href=\"http:\/\/www.conselharan.org\/wp-content\/uploads\/2016\/03\/MAY-PEUS-E-SINDIC-DARAN.jpg\"><img loading=\"lazy\" decoding=\"async\" class=\"aligncenter size-large wp-image-10984\" src=\"http:\/\/www.conselharan.org\/wp-content\/uploads\/2016\/03\/MAY-PEUS-E-SINDIC-DARAN-1024x738.jpg\" alt=\"MAY PEUS E SINDIC D'ARAN\" width=\"1024\" height=\"738\" srcset=\"https:\/\/www.conselharan.org\/wp-content\/uploads\/2016\/03\/MAY-PEUS-E-SINDIC-DARAN-1024x738.jpg 1024w, https:\/\/www.conselharan.org\/wp-content\/uploads\/2016\/03\/MAY-PEUS-E-SINDIC-DARAN-300x216.jpg 300w, https:\/\/www.conselharan.org\/wp-content\/uploads\/2016\/03\/MAY-PEUS-E-SINDIC-DARAN.jpg 1134w\" sizes=\"(max-width: 1024px) 100vw, 1024px\" \/><\/a><\/p>\n<p><em>El president de la RFEDI, l&#8217;aran\u00e8s May Peus i el sindic d&#8217;Aran, Carlos Barrera.\u00a0<\/em><\/p>\n<p>&nbsp;<\/p>\n<p>Els 84 snowboarders inscrits realitzaran dem\u00e0 dissabte, 19 de mar\u00e7, fins a dues baixades amb temps per participar en la prova del diumenge, 20 de mar\u00e7, on baixaran en grups de 4 i els 2 primers de cada m\u00e0niga passaran a la seg\u00fcent ronda fins a arribar a la gran final i a la final de consolaci\u00f3 per decidir els llocs del 1r al 8\u00e8.<\/p>\n<p>&nbsp;<\/p>\n<p><a href=\"http:\/\/www.conselharan.org\/wp-content\/uploads\/2016\/03\/DSC_0369.jpg\"><img loading=\"lazy\" decoding=\"async\" class=\"aligncenter size-large wp-image-10985\" src=\"http:\/\/www.conselharan.org\/wp-content\/uploads\/2016\/03\/DSC_0369-1024x687.jpg\" alt=\"DSC_0369\" width=\"1024\" height=\"687\" srcset=\"https:\/\/www.conselharan.org\/wp-content\/uploads\/2016\/03\/DSC_0369-1024x687.jpg 1024w, https:\/\/www.conselharan.org\/wp-content\/uploads\/2016\/03\/DSC_0369-300x201.jpg 300w\" sizes=\"(max-width: 1024px) 100vw, 1024px\" \/><\/a><\/p>\n<p><em>\u00a0 \u00a0 \u00a0 Lucas Eguibar de la RFEDI<\/em><\/p>\n<p>&nbsp;<\/p>\n<p>El vicesindic d&#8217;Aran i conselh\u00e8r d&#8217;Esports, <strong>Luis Carlos Medina<\/strong>, ha manifestat <strong>\u201cper la Val d\u2019Aran comptar amb una prova d&#8217;aquest nivell \u00e9s un revulsiu per mostrar-nos al m\u00f3n com a destinaci\u00f3 esportiva de m\u00e0xim inter\u00e8s. Tenir la possibilitat de disputar un campionat del m\u00f3n de SBX i a m\u00e9s la final d&#8217;aquest campionat \u00e9s una gran oportunitat per donar a con\u00e8ixer Baqueira Beret i tota la Val d\u2019Aran en pa\u00efsos en els quals d&#8217;una altra manera no seria possible, a m\u00e9s tenim la possibilitat que els esportistes del nivell de Lucas Eguibar, Laro Herrero i Regino Fern\u00e1ndez de la RFEDI puguin competir a casa, un altre fet que fa m\u00e9s interessant aquesta modalitat\u201d.<\/strong><\/p>\n<p><strong>Medina<\/strong> ha afegit <strong>\u201cnom\u00e9s podem dir que el Snowboard, Baqueira Beret i la Val d\u2019Aran estem d&#8217;enhorabona en poder acollir aquesta prova. L&#8217;esfor\u00e7 de totes les persones que treballen ho mereix\u201d.<\/strong><\/p>\n<p>&nbsp;<\/p>\n<p><a href=\"http:\/\/www.conselharan.org\/wp-content\/uploads\/2016\/03\/DSC_0380.jpg\"><img loading=\"lazy\" decoding=\"async\" class=\"aligncenter size-large wp-image-10986\" src=\"http:\/\/www.conselharan.org\/wp-content\/uploads\/2016\/03\/DSC_0380-1024x832.jpg\" alt=\"DSC_0380\" width=\"1024\" height=\"832\" srcset=\"https:\/\/www.conselharan.org\/wp-content\/uploads\/2016\/03\/DSC_0380-1024x832.jpg 1024w, https:\/\/www.conselharan.org\/wp-content\/uploads\/2016\/03\/DSC_0380-300x244.jpg 300w, https:\/\/www.conselharan.org\/wp-content\/uploads\/2016\/03\/DSC_0380.jpg 1733w\" sizes=\"(max-width: 1024px) 100vw, 1024px\" \/><\/a><\/p>\n<p><em>\u00a0 \u00a0 \u00a0 \u00a0Laro Herrero i Regino Fern\u00e1ndez de la RFEDI <\/em><\/p>\n<p>&nbsp;<\/p>\n<p><strong>Autobusos fins a Beret<\/strong><\/p>\n<p>L&#8217;organitzaci\u00f3 del Campionat del M\u00f3n de SBX posar\u00e0 servei d\u2019autobusos fins al Pla de Beret els dies 19 i 20 de mar\u00e7. El servei t\u00e9 connexi\u00f3 en Baqueira amb les rutes del transport intern de la Val d\u2019Aran. Horaris:<\/p>\n<p><strong>Dissabte, 19 de mar\u00e7<\/strong><br \/>\nBaqueira &#8211; Beret 8:30 hores<br \/>\nBaqueira &#8211; Beret 9:30 hores<br \/>\nBeret &#8211; Baqueira 15:00 hores<\/p>\n<p><strong>Diumenge, 20 de mar\u00e7<\/strong><br \/>\nBaqueira &#8211; Beret 10:30 hores<br \/>\nBaqueira &#8211; Beret 11:30 hores<br \/>\nBeret &#8211; Baqueira 15:00 hores<\/p>\n<p>&nbsp;<\/p>\n<p><a href=\"http:\/\/www.conselharan.org\/wp-content\/uploads\/2016\/03\/DSC_0436.jpg\"><img loading=\"lazy\" decoding=\"async\" class=\"aligncenter size-large wp-image-10987\" src=\"http:\/\/www.conselharan.org\/wp-content\/uploads\/2016\/03\/DSC_0436-1024x687.jpg\" alt=\"DSC_0436\" width=\"1024\" height=\"687\" srcset=\"https:\/\/www.conselharan.org\/wp-content\/uploads\/2016\/03\/DSC_0436-1024x687.jpg 1024w, https:\/\/www.conselharan.org\/wp-content\/uploads\/2016\/03\/DSC_0436-300x201.jpg 300w\" sizes=\"(max-width: 1024px) 100vw, 1024px\" \/><\/a><\/p>\n<p><em>\u00a0 \u00a0 \u00a0 Lucas Eguibar de la RFEDI<\/em><\/p>\n<p>&nbsp;<\/p>\n<p><strong>Un Village en la meta amb for\u00e7a animaci\u00f3<\/strong><\/p>\n<p>Pel divendres d&#8217;entrenaments, el dissabte de classificat\u00f2ries i les finals del diumenge, est\u00e0 tot dissenyat perqu\u00e8 els espectadors que vagin a l&#8217;esdeveniment gaudeixin d&#8217;una aut\u00e8ntica festa. Per a aix\u00f2 s&#8217;han preparat diverses activitats i animacions paral\u2022leles que tindran lloc en un Village situat a peu de pistes al Pla de Beret. Podran trobar-se fins a dotze carpes de diferents marques per mostrar al p\u00fablic les \u00faltimes novetats en el material i tamb\u00e9 ser\u00e0 una excel\u2022lent oportunitat per donar con\u00e8ixer l&#8217;inigualable entorn que envolta l&#8217;estaci\u00f3: la bellesa del paisatge, la riquesa del patrimoni rom\u00e0nic i les exquisideses de la seva gastronomia, aix\u00ed com les m\u00faltiples i atractives opcions de l\u2019apr\u00e8s-ski. Des del village es divulgaran les diferents rutes i llocs per visitar i s&#8217;oferiran productes de la marca de garantia Val d\u2019Aran, aix\u00ed com una mostra dels plats t\u00edpics de la cuina aranesa.<\/p>\n<p>&nbsp;<\/p>\n<p><a href=\"http:\/\/www.conselharan.org\/wp-content\/uploads\/2016\/03\/DSC_0251.jpg\"><img loading=\"lazy\" decoding=\"async\" class=\"aligncenter size-large wp-image-10989\" src=\"http:\/\/www.conselharan.org\/wp-content\/uploads\/2016\/03\/DSC_0251-1024x687.jpg\" alt=\"DSC_0251\" width=\"1024\" height=\"687\" srcset=\"https:\/\/www.conselharan.org\/wp-content\/uploads\/2016\/03\/DSC_0251-1024x687.jpg 1024w, https:\/\/www.conselharan.org\/wp-content\/uploads\/2016\/03\/DSC_0251-300x201.jpg 300w\" sizes=\"(max-width: 1024px) 100vw, 1024px\" \/><\/a><\/p>\n<p><em>Membres de l&#8217;organitzaci\u00f3 del village, Jes\u00fas Bocos (Baqueira Beret) i Montse Vil\u00f3 (Turisme Val d&#8217;Aran)\u00a0<\/em><\/p>\n<p>&nbsp;<\/p>\n<p>Aix\u00ed mateix, coincidint amb la final de la Copa del M\u00f3n de Snowboard el dissabte, 19 de mar\u00e7, tindr\u00e0 lloc una nova edici\u00f3 de Era \u00d2lhada en el village (Pla de Beret) on es podr\u00e0 degustar el plat m\u00e9s tradicional de la Val d\u2019Aran, l&#8217;\u00f2lha aranesa.<\/p>\n<p>I per posar punt final a l&#8217;esdeveniment, el diumenge a partir de les 14:30 en el Village se celebrar\u00e0 la festa de clausura amb un DJ convidat i moltes m\u00e9s sorpreses!<\/p>\n<p>&nbsp;<\/p>\n<p><a href=\"http:\/\/www.conselharan.org\/wp-content\/uploads\/2016\/03\/DSC_0442.jpg\"><img loading=\"lazy\" decoding=\"async\" class=\"aligncenter size-large wp-image-10988\" src=\"http:\/\/www.conselharan.org\/wp-content\/uploads\/2016\/03\/DSC_0442-1024x687.jpg\" alt=\"DSC_0442\" width=\"1024\" height=\"687\" srcset=\"https:\/\/www.conselharan.org\/wp-content\/uploads\/2016\/03\/DSC_0442-1024x687.jpg 1024w, https:\/\/www.conselharan.org\/wp-content\/uploads\/2016\/03\/DSC_0442-300x201.jpg 300w\" sizes=\"(max-width: 1024px) 100vw, 1024px\" \/><\/a><\/p>\n<p><em>La conselh\u00e8ra de Turisme Val d&#8217;Aran i Desenvolupament Econ\u00f2mic d&#8217;Aran, Anna D\u00edaz, amb Lucas Eguibar de la RFEDI<\/em><\/p>\n<p>&nbsp;<\/p>\n<p>&nbsp;<\/p>\n<p><strong>Programa<\/strong><\/p>\n<p><strong>Dissabte, 19 de mar\u00e7 de 2016<\/strong><\/p>\n<p>9h: Obertura de remuntadors<br \/>\n9h30: Inspecci\u00f3 de pista i entrenaments<br \/>\nA partir de les 10h obertura del Village per a p\u00fablic amb m\u00fasica, marques del sector i stands de menjar<br \/>\n10h45: Inici classificat\u00f2ria masculina<br \/>\n13h30: Inici classificat\u00f2ria femenina<br \/>\n18h30: Reuni\u00f3 de capitans d&#8217;equip<\/p>\n<p><strong>Diumenge, 20 de mar\u00e7 de 2016<\/strong><\/p>\n<p>9h: Obertura de remuntadors<br \/>\nA partir de les 10h obertura del Village per a p\u00fablic amb m\u00fasica, marques del sector i stands de menjar<br \/>\n10h45: Inspecci\u00f3 de pista<br \/>\n11h45: Entrenaments<br \/>\n12h45: Inici de les finals<br \/>\n14h: Cerim\u00f2nia de lliurament de premis<br \/>\n14h30: Festa de clausura de la Copa del M\u00f3n en el Village de meta amb DJ<\/p>\n<p>&nbsp;<\/p>\n<p>&nbsp;<\/p>\n<p>Vielha, 18 de mar\u00e7 de 2016<\/p>\n<p>&nbsp;<\/p>\n<p><em>Conselh Generau d&#8217;Aran: N\u00faria Sanjuan<\/em><\/p>\n ","protected":false},"excerpt":{"rendered":"<p>Els corredors han entrenat en el circuit del Pla de Beret, on dem\u00e0 dissabte 19 i el diumenge 20 de mar\u00e7, disputaran la gran final de la Copa del M\u00f3n de Snowboard Cross (SBX) FIS En aquesta carrera es decidir\u00e0 el podi del circuit de m\u00e0xim nivell mundial entre els quals pot estar l&#8217;esportista espanyol&#8230;<\/p>\n","protected":false},"author":2,"featured_media":10984,"comment_status":"closed","ping_status":"closed","sticky":false,"template":"","format":"standard","meta":{"footnotes":""},"categories":[53],"tags":[],"_links":{"self":[{"href":"https:\/\/www.conselharan.org\/ca\/wp-json\/wp\/v2\/posts\/10991"}],"collection":[{"href":"https:\/\/www.conselharan.org\/ca\/wp-json\/wp\/v2\/posts"}],"about":[{"href":"https:\/\/www.conselharan.org\/ca\/wp-json\/wp\/v2\/types\/post"}],"author":[{"embeddable":true,"href":"https:\/\/www.conselharan.org\/ca\/wp-json\/wp\/v2\/users\/2"}],"replies":[{"embeddable":true,"href":"https:\/\/www.conselharan.org\/ca\/wp-json\/wp\/v2\/comments?post=10991"}],"version-history":[{"count":1,"href":"https:\/\/www.conselharan.org\/ca\/wp-json\/wp\/v2\/posts\/10991\/revisions"}],"predecessor-version":[{"id":10992,"href":"https:\/\/www.conselharan.org\/ca\/wp-json\/wp\/v2\/posts\/10991\/revisions\/10992"}],"wp:featuredmedia":[{"embeddable":true,"href":"https:\/\/www.conselharan.org\/ca\/wp-json\/wp\/v2\/media\/10984"}],"wp:attachment":[{"href":"https:\/\/www.conselharan.org\/ca\/wp-json\/wp\/v2\/media?parent=10991"}],"wp:term":[{"taxonomy":"category","embeddable":true,"href":"https:\/\/www.conselharan.org\/ca\/wp-json\/wp\/v2\/categories?post=10991"},{"taxonomy":"post_tag","embeddable":true,"href":"https:\/\/www.conselharan.org\/ca\/wp-json\/wp\/v2\/tags?post=10991"}],"curies":[{"name":"wp","href":"https:\/\/api.w.org\/{rel}","templated":true}]}}