{"id":11069,"date":"2016-03-21T12:40:52","date_gmt":"2016-03-21T11:40:52","guid":{"rendered":"http:\/\/www.conselharan.org\/ca\/?p=11069"},"modified":"2016-03-21T12:48:01","modified_gmt":"2016-03-21T11:48:01","slug":"nit-poetica-la-poesia-en-el-temps-de-les-ordenaciones","status":"publish","type":"post","link":"https:\/\/www.conselharan.org\/ca\/nit-poetica-la-poesia-en-el-temps-de-les-ordenaciones\/","title":{"rendered":"Nit po\u00e8tica: &#8220;La Poesia en el temps de les &#8220;Ordenaciones&#8221;&#8221; en el Museu de la Val d&#8217;Aran a Vielha"},"content":{"rendered":"<p><strong>El dilluns, 21 de mar\u00e7, el Museu de la Val d&#8217;Aran celebra el Dia Internacional de la Poesia amb una nit po\u00e8tica &#8220;La Poesia en el temps de les &#8220;Ordenaciones&#8221;&#8221;.<\/strong><\/p>\n<p><strong>L&#8217;acte tindr\u00e0 lloc en la recepci\u00f3 del Museu de la Val d&#8217;Aran a Vielha a les 22:00 hores.<\/strong><\/p>\n<p>&nbsp;<\/p>\n<p><a href=\"http:\/\/www.conselharan.org\/wp-content\/uploads\/2016\/03\/cartell-poesia-2016-def.jpg\"><img loading=\"lazy\" decoding=\"async\" class=\"aligncenter size-large wp-image-11067\" src=\"http:\/\/www.conselharan.org\/wp-content\/uploads\/2016\/03\/cartell-poesia-2016-def-724x1024.jpg\" alt=\"cartell poesia 2016 def\" width=\"724\" height=\"1024\" srcset=\"https:\/\/www.conselharan.org\/wp-content\/uploads\/2016\/03\/cartell-poesia-2016-def-724x1024.jpg 724w, https:\/\/www.conselharan.org\/wp-content\/uploads\/2016\/03\/cartell-poesia-2016-def-212x300.jpg 212w\" sizes=\"(max-width: 724px) 100vw, 724px\" \/><\/a><\/p>\n<p>&nbsp;<\/p>\n<p>Vielha, 21 de mar\u00e7 de 2016<\/p>\n<p>&nbsp;<\/p>\n<p><em>Conselh Generau d&#8217;Aran: N\u00faria Sanjuan<\/em><\/p>\n<p><em>Font: Mus\u00e8u dera Val d&#8217;Aran<\/em><\/p>\n ","protected":false},"excerpt":{"rendered":"<p>El dilluns, 21 de mar\u00e7, el Museu de la Val d&#8217;Aran celebra el Dia Internacional de la Poesia amb una nit po\u00e8tica &#8220;La Poesia en el temps de les &#8220;Ordenaciones&#8221;&#8221;. L&#8217;acte tindr\u00e0 lloc en la recepci\u00f3 del Museu de la Val d&#8217;Aran a Vielha a les 22:00 hores. &nbsp; &nbsp; Vielha, 21 de mar\u00e7 de&#8230;<\/p>\n","protected":false},"author":2,"featured_media":11067,"comment_status":"closed","ping_status":"closed","sticky":false,"template":"","format":"standard","meta":{"footnotes":""},"categories":[33],"tags":[],"_links":{"self":[{"href":"https:\/\/www.conselharan.org\/ca\/wp-json\/wp\/v2\/posts\/11069"}],"collection":[{"href":"https:\/\/www.conselharan.org\/ca\/wp-json\/wp\/v2\/posts"}],"about":[{"href":"https:\/\/www.conselharan.org\/ca\/wp-json\/wp\/v2\/types\/post"}],"author":[{"embeddable":true,"href":"https:\/\/www.conselharan.org\/ca\/wp-json\/wp\/v2\/users\/2"}],"replies":[{"embeddable":true,"href":"https:\/\/www.conselharan.org\/ca\/wp-json\/wp\/v2\/comments?post=11069"}],"version-history":[{"count":2,"href":"https:\/\/www.conselharan.org\/ca\/wp-json\/wp\/v2\/posts\/11069\/revisions"}],"predecessor-version":[{"id":11075,"href":"https:\/\/www.conselharan.org\/ca\/wp-json\/wp\/v2\/posts\/11069\/revisions\/11075"}],"wp:featuredmedia":[{"embeddable":true,"href":"https:\/\/www.conselharan.org\/ca\/wp-json\/wp\/v2\/media\/11067"}],"wp:attachment":[{"href":"https:\/\/www.conselharan.org\/ca\/wp-json\/wp\/v2\/media?parent=11069"}],"wp:term":[{"taxonomy":"category","embeddable":true,"href":"https:\/\/www.conselharan.org\/ca\/wp-json\/wp\/v2\/categories?post=11069"},{"taxonomy":"post_tag","embeddable":true,"href":"https:\/\/www.conselharan.org\/ca\/wp-json\/wp\/v2\/tags?post=11069"}],"curies":[{"name":"wp","href":"https:\/\/api.w.org\/{rel}","templated":true}]}}