{"id":11081,"date":"2016-03-21T16:04:47","date_gmt":"2016-03-21T15:04:47","guid":{"rendered":"http:\/\/www.conselharan.org\/ca\/?p=11081"},"modified":"2016-03-21T16:04:56","modified_gmt":"2016-03-21T15:04:56","slug":"el-conselh-generau-daran-organitza-una-jornada-desporga-en-poma-de-muntanya","status":"publish","type":"post","link":"https:\/\/www.conselharan.org\/ca\/el-conselh-generau-daran-organitza-una-jornada-desporga-en-poma-de-muntanya\/","title":{"rendered":"El Conselh Generau d\u2019Aran organitza una jornada d\u2019esporga en poma de muntanya"},"content":{"rendered":"<p><strong>\u2022 La jornada, que \u00e9s gratu\u00efta, tindr\u00e0 lloc el 29 de mar\u00e7 a la seu del Conselh Generau d\u2019Aran.<\/strong><\/p>\n<p>&nbsp;<\/p>\n<p><a href=\"http:\/\/www.conselharan.org\/wp-content\/uploads\/2016\/03\/POMES.jpg\"><img loading=\"lazy\" decoding=\"async\" class=\"aligncenter size-large wp-image-11078\" src=\"http:\/\/www.conselharan.org\/wp-content\/uploads\/2016\/03\/POMES-1024x366.jpg\" alt=\"POMES\" width=\"1024\" height=\"366\" srcset=\"https:\/\/www.conselharan.org\/wp-content\/uploads\/2016\/03\/POMES-1024x366.jpg 1024w, https:\/\/www.conselharan.org\/wp-content\/uploads\/2016\/03\/POMES-300x107.jpg 300w, https:\/\/www.conselharan.org\/wp-content\/uploads\/2016\/03\/POMES.jpg 1111w\" sizes=\"(max-width: 1024px) 100vw, 1024px\" \/><\/a><\/p>\n<p>&nbsp;<\/p>\n<p>El Gov\u00e8rn d\u2019Aran, a trav\u00e9s del Departament d\u2019Agricultura, Ramaderia i Medi Natural, ha organitzat una jornada d\u2019esporga en poma de muntanya. Aquesta jornada, que compta amb el suport del Departament d\u2019Agricultura, Ramaderia, Pesca i Alimentaci\u00f3 de la Generalitat de Catalunya, es centra en la tasca de la recuperaci\u00f3 i les potencialitats de nous productes emergents al voltant de les varietats locals de fruita a la Val d\u2019Aran.<\/p>\n<p>La jornada comptar\u00e0 amb la pres\u00e8ncia del s\u00edndic d\u2019Aran, <strong>Carlos Barrera<\/strong> i del conselh\u00e8r d\u2019Agricultura, Ramaderia i Medi Ambient d\u2019Aran, <strong>Jose Enrique Arr\u00f3.<\/strong><\/p>\n<p>En paraules del conselh\u00e8r <strong>Jose Enrique Arr\u00f3, \u201cla jornada t\u00e9 com objectiu aportar coneixements tant te\u00f2rics com pr\u00e0ctics sobre la poda de la pomera on a la Val d\u2019Aran aquest conreu ha estat des d\u2019\u00e8poques immemorials i encara i \u00e9s ben present<\/strong>\u201d.<\/p>\n<p>La jornada que es realitzar\u00e0 el 29 de mar\u00e7 al Conselh Generau d\u2019Aran a Vielha ser\u00e0 gratu\u00efta per\u00f2 cal inscriure\u2019s previament contactant amb:<\/p>\n<p>&#8211; IRTA- EEL: Tel. 973 702 579- A\/e: <a href=\"mailto:eel.informacio@irta.cat\" target=\"_blank\">eel.informacio@irta.cat<\/a><br \/>\n&#8211; Conselh Generau d\u2019Aran: <a href=\"mailto:oriolcros@gencat.cat\" target=\"_blank\">oriolcros@gencat.cat<\/a><\/p>\n<p>Tamb\u00e9 us podeu inscriure a trav\u00e9s del servei de preinscripcions a jornades del PATT del portal RuralCat: <a href=\"http:\/\/www.ruralcat.net\/preinscripcionspatt\" target=\"_blank\">www.ruralcat.net\/preinscripcionspatt<\/a><\/p>\n<p>&nbsp;<\/p>\n<p>M\u00e9s informaci\u00f3:\u00a0<a href=\"http:\/\/www.conselharan.org\/wp-content\/uploads\/2016\/03\/Vielha_esporga-poma_3-2.pdf\">Vielha_esporga poma_3 (2)<\/a><\/p>\n<p>&nbsp;<\/p>\n<p>Vielha, 21 de mar\u00e7 de 2016<\/p>\n<p>&nbsp;<\/p>\n<p><em>Conselh Generau d&#8217;Aran: N\u00faria Sanjuan<\/em><\/p>\n ","protected":false},"excerpt":{"rendered":"<p>\u2022 La jornada, que \u00e9s gratu\u00efta, tindr\u00e0 lloc el 29 de mar\u00e7 a la seu del Conselh Generau d\u2019Aran. &nbsp; &nbsp; El Gov\u00e8rn d\u2019Aran, a trav\u00e9s del Departament d\u2019Agricultura, Ramaderia i Medi Natural, ha organitzat una jornada d\u2019esporga en poma de muntanya. Aquesta jornada, que compta amb el suport del Departament d\u2019Agricultura, Ramaderia, Pesca i&#8230;<\/p>\n","protected":false},"author":2,"featured_media":11078,"comment_status":"closed","ping_status":"closed","sticky":false,"template":"","format":"standard","meta":{"footnotes":""},"categories":[127,33],"tags":[],"_links":{"self":[{"href":"https:\/\/www.conselharan.org\/ca\/wp-json\/wp\/v2\/posts\/11081"}],"collection":[{"href":"https:\/\/www.conselharan.org\/ca\/wp-json\/wp\/v2\/posts"}],"about":[{"href":"https:\/\/www.conselharan.org\/ca\/wp-json\/wp\/v2\/types\/post"}],"author":[{"embeddable":true,"href":"https:\/\/www.conselharan.org\/ca\/wp-json\/wp\/v2\/users\/2"}],"replies":[{"embeddable":true,"href":"https:\/\/www.conselharan.org\/ca\/wp-json\/wp\/v2\/comments?post=11081"}],"version-history":[{"count":1,"href":"https:\/\/www.conselharan.org\/ca\/wp-json\/wp\/v2\/posts\/11081\/revisions"}],"predecessor-version":[{"id":11082,"href":"https:\/\/www.conselharan.org\/ca\/wp-json\/wp\/v2\/posts\/11081\/revisions\/11082"}],"wp:featuredmedia":[{"embeddable":true,"href":"https:\/\/www.conselharan.org\/ca\/wp-json\/wp\/v2\/media\/11078"}],"wp:attachment":[{"href":"https:\/\/www.conselharan.org\/ca\/wp-json\/wp\/v2\/media?parent=11081"}],"wp:term":[{"taxonomy":"category","embeddable":true,"href":"https:\/\/www.conselharan.org\/ca\/wp-json\/wp\/v2\/categories?post=11081"},{"taxonomy":"post_tag","embeddable":true,"href":"https:\/\/www.conselharan.org\/ca\/wp-json\/wp\/v2\/tags?post=11081"}],"curies":[{"name":"wp","href":"https:\/\/api.w.org\/{rel}","templated":true}]}}