{"id":11173,"date":"2016-03-24T14:02:50","date_gmt":"2016-03-24T13:02:50","guid":{"rendered":"http:\/\/www.conselharan.org\/ca\/?p=11173"},"modified":"2016-03-24T14:02:50","modified_gmt":"2016-03-24T13:02:50","slug":"el-conselher-de-territori-j-a-boya-es-reuneix-amb-la-consellera-municipal-desports-de-luchon","status":"publish","type":"post","link":"https:\/\/www.conselharan.org\/ca\/el-conselher-de-territori-j-a-boya-es-reuneix-amb-la-consellera-municipal-desports-de-luchon\/","title":{"rendered":"El conselh\u00e8r de territ\u00f2ri J.A.Boya es reuneix amb la consellera Municipal d\u2019Esports de Luchon"},"content":{"rendered":"<p>Vielha, 24 de mar\u00e7 de 2016.-\u00a0 El conselh\u00e8r de Territ\u00f2ri del Conselh Generau d\u2019Aran <strong>Jos\u00e9 Antonio Boya<\/strong>, va visitar ahir l\u2019ajuntament de Luchon on va mantenir una reuni\u00f3 amb la consellera municipal d\u2019Esports i Vice-presidenta de la comissi\u00f3 de pol\u00edtiques esportives de Luchon, <strong>Brigitte Laperie<\/strong>.<\/p>\n<p>Durant la reuni\u00f3, els responsables d\u2019ambdues institucions, van treballar sobre la possibilitat de posar en marxa accions conjuntes de promoci\u00f3 en relaci\u00f3 a l\u2019organitzaci\u00f3 per part del Conselh Generau d\u2019Aran de la sortida de la 10\u00e8na etapa del Tour de Fran\u00e7a 2016 a Vielha e Mijaran del proper 10 de juliol.<\/p>\n<p><a href=\"http:\/\/www.conselharan.org\/wp-content\/uploads\/2016\/03\/11.jpg\"><img loading=\"lazy\" decoding=\"async\" class=\"aligncenter size-full wp-image-11169\" src=\"http:\/\/www.conselharan.org\/wp-content\/uploads\/2016\/03\/11.jpg\" alt=\"1\" width=\"640\" height=\"480\" srcset=\"https:\/\/www.conselharan.org\/wp-content\/uploads\/2016\/03\/11.jpg 640w, https:\/\/www.conselharan.org\/wp-content\/uploads\/2016\/03\/11-300x225.jpg 300w\" sizes=\"(max-width: 640px) 100vw, 640px\" \/><\/a><\/p>\n<p>En sortir de la trobada, Jose Antonio Boya va valorar molt positivament l\u2019experi\u00e8ncia de la ciutat de Luchon, que hist\u00f2ricament ha acollit finals d\u2019etapes del Tour de Fran\u00e7a. En l\u2019edici\u00f3 d\u2019enguany, la novena etapa de la cursa ciclista, sortir\u00e0 de la ciutat francesa de Pau i acabar\u00e0 a Baigneres de Luchon. L\u2019endem\u00e0 10 de juliol, ser\u00e0 el torn de la Val d\u2019Aran des d\u2019on sortir\u00e0 la 10\u00e8na etapa del Tour 2016, que es disputar\u00e0 entre Vielha e Mijaran i Andorra.<\/p>\n<p>&nbsp;<\/p>\n<p>El conselh\u00e8r de Territ\u00f2ri <strong>Jos\u00e9 Antonio Boya<\/strong> va declarar que <em>\u201centre algunes de les propostes que s\u2019han comentat, potser hi hauria la possibilitat d\u2019organitzar alguna acci\u00f3 conjunta els dies 4 i 5 de juny d\u2019aquest any, en motiu de la festa de la bicicleta a Fran\u00e7a, un esdeveniment que es celebra des de fa 20 anys i en el que hi prenen part m\u00e9s de 20 milions de francesos de totes les edats aficionats al ciclisme. De tota manera <\/em>va afegir<em>, s\u2019ha tractat d\u2019una primera presa de contacte, en la que encara no s\u2019ha concretat res\u201d.<\/em><\/p>\n<p>&nbsp;<\/p>\n<p>&nbsp;<\/p>\n<p>&nbsp;<\/p>\n<p>&nbsp;<\/p>\n ","protected":false},"excerpt":{"rendered":"<p>Vielha, 24 de mar\u00e7 de 2016.-\u00a0 El conselh\u00e8r de Territ\u00f2ri del Conselh Generau d\u2019Aran Jos\u00e9 Antonio Boya, va visitar ahir l\u2019ajuntament de Luchon on va mantenir una reuni\u00f3 amb la consellera municipal d\u2019Esports i Vice-presidenta de la comissi\u00f3 de pol\u00edtiques esportives de Luchon, Brigitte Laperie. Durant la reuni\u00f3, els responsables d\u2019ambdues institucions, van treballar sobre&#8230;<\/p>\n","protected":false},"author":2,"featured_media":11169,"comment_status":"closed","ping_status":"closed","sticky":false,"template":"","format":"standard","meta":{"footnotes":""},"categories":[53],"tags":[],"_links":{"self":[{"href":"https:\/\/www.conselharan.org\/ca\/wp-json\/wp\/v2\/posts\/11173"}],"collection":[{"href":"https:\/\/www.conselharan.org\/ca\/wp-json\/wp\/v2\/posts"}],"about":[{"href":"https:\/\/www.conselharan.org\/ca\/wp-json\/wp\/v2\/types\/post"}],"author":[{"embeddable":true,"href":"https:\/\/www.conselharan.org\/ca\/wp-json\/wp\/v2\/users\/2"}],"replies":[{"embeddable":true,"href":"https:\/\/www.conselharan.org\/ca\/wp-json\/wp\/v2\/comments?post=11173"}],"version-history":[{"count":1,"href":"https:\/\/www.conselharan.org\/ca\/wp-json\/wp\/v2\/posts\/11173\/revisions"}],"predecessor-version":[{"id":11174,"href":"https:\/\/www.conselharan.org\/ca\/wp-json\/wp\/v2\/posts\/11173\/revisions\/11174"}],"wp:featuredmedia":[{"embeddable":true,"href":"https:\/\/www.conselharan.org\/ca\/wp-json\/wp\/v2\/media\/11169"}],"wp:attachment":[{"href":"https:\/\/www.conselharan.org\/ca\/wp-json\/wp\/v2\/media?parent=11173"}],"wp:term":[{"taxonomy":"category","embeddable":true,"href":"https:\/\/www.conselharan.org\/ca\/wp-json\/wp\/v2\/categories?post=11173"},{"taxonomy":"post_tag","embeddable":true,"href":"https:\/\/www.conselharan.org\/ca\/wp-json\/wp\/v2\/tags?post=11173"}],"curies":[{"name":"wp","href":"https:\/\/api.w.org\/{rel}","templated":true}]}}