{"id":11222,"date":"2016-03-31T11:49:52","date_gmt":"2016-03-31T09:49:52","guid":{"rendered":"http:\/\/www.conselharan.org\/ca\/?p=11222"},"modified":"2016-03-31T11:50:11","modified_gmt":"2016-03-31T09:50:11","slug":"estrena-online-del-documental-drop-in-a-life-daymar-navarro-combalie","status":"publish","type":"post","link":"https:\/\/www.conselharan.org\/ca\/estrena-online-del-documental-drop-in-a-life-daymar-navarro-combalie\/","title":{"rendered":"Estrena online del documental \u201cDrop in a Life\u201d d\u2019Aymar Navarro Combali\u00e9"},"content":{"rendered":"<p><strong>\u2022 \u201cDrop in a Life\u201d \u00e9s un documental sobre la vida esportiva del rider aran\u00e8s, Aymar Navarro.<\/strong><\/p>\n<p><strong>\u2022 El documental es pot veure a la p\u00e0gina de RedBull.<\/strong><\/p>\n<p>&nbsp;<\/p>\n<p><a href=\"http:\/\/www.conselharan.org\/wp-content\/uploads\/2016\/03\/AYMAR-NAVARRO-1.jpg\"><img loading=\"lazy\" decoding=\"async\" class=\"aligncenter size-large wp-image-11220\" src=\"http:\/\/www.conselharan.org\/wp-content\/uploads\/2016\/03\/AYMAR-NAVARRO-1-988x1024.jpg\" alt=\"AYMAR NAVARRO 1\" width=\"988\" height=\"1024\" srcset=\"https:\/\/www.conselharan.org\/wp-content\/uploads\/2016\/03\/AYMAR-NAVARRO-1-988x1024.jpg 988w, https:\/\/www.conselharan.org\/wp-content\/uploads\/2016\/03\/AYMAR-NAVARRO-1-289x300.jpg 289w, https:\/\/www.conselharan.org\/wp-content\/uploads\/2016\/03\/AYMAR-NAVARRO-1.jpg 1929w\" sizes=\"(max-width: 988px) 100vw, 988px\" \/><\/a><\/p>\n<p>&nbsp;<\/p>\n<p>A principis del mes de mar\u00e7 es va presentar a la Val d\u2019Aran el documental sobre Aymar Navarro <strong>\u201cDrop in a Life\u201d<\/strong>, l&#8217;estrena va tenir una resposta massiva de la gent i s\u2019han realitzat m\u00e9s projeccions.<\/p>\n<p><strong>Aymar Navarro<\/strong> ha manifestat <strong>\u201c\u00e9s un dia molt especial per a mi ja que la pel\u2022l\u00edcula Drop in a Life s&#8217;acaba d&#8217;estrenar online, \u00e9s tot un plaer poder ensenyar a tothom aquest bonic documental de 53min amb unes espectaculars imatges gravades durant els \u00faltims 5 anys\u201d.<\/strong><\/p>\n<p>El documental ha estat realitzat per <strong>BumpyFilms<\/strong> i compta amb aportacions d&#8217;amics i familiars que parlen i opinen sobre la traject\u00f2ria esportiva d&#8217;Aymar, an\u00e8cdotes,&#8230; .<\/p>\n<p>Aymar Navarro, va signar un conveni amb el <strong>Conselh Generau d&#8217;Aran<\/strong> i <strong>Foment Torisme Val d&#8217;Aran<\/strong> per promoure la destinaci\u00f3 tur\u00edstica esportiva Val d&#8217;Aran pel m\u00f3n, representada en la imatge i en els valors del rider aran\u00e8s.<\/p>\n<p>&nbsp;<\/p>\n<ul>\n<li>Link de \u201cDrop in a life\u201d: <a href=\"http:\/\/win.gs\/1qdvEeI\" target=\"_blank\">http:\/\/win.gs\/1qdvEeI<\/a><\/li>\n<\/ul>\n<p>&nbsp;<\/p>\n<ul>\n<li>Entrevista de RedBull a Aymar Navarro Combali\u00e9:<br \/>\nLink: <a href=\"http:\/\/www.redbull.com\/es\/es\/snow\/stories\/1331783777594\/13-cosas-que-no-sabias-de-aymar-navarro\" target=\"_blank\">http:\/\/www.redbull.com\/es\/es\/snow\/stories\/1331783777594\/13-cosas-que-no-sabias-de-aymar-navarro<\/a><\/li>\n<\/ul>\n<p>&nbsp;<\/p>\n<p>&nbsp;<\/p>\n<p>Vielha, 31 de mar\u00e7 de 2016<\/p>\n<p>&nbsp;<\/p>\n<p><em>Conselh Generau d&#8217;Aran: N\u00faria Sanjuan<\/em><\/p>\n ","protected":false},"excerpt":{"rendered":"<p>\u2022 \u201cDrop in a Life\u201d \u00e9s un documental sobre la vida esportiva del rider aran\u00e8s, Aymar Navarro. \u2022 El documental es pot veure a la p\u00e0gina de RedBull. &nbsp; &nbsp; A principis del mes de mar\u00e7 es va presentar a la Val d\u2019Aran el documental sobre Aymar Navarro \u201cDrop in a Life\u201d, l&#8217;estrena va tenir&#8230;<\/p>\n","protected":false},"author":2,"featured_media":11220,"comment_status":"closed","ping_status":"closed","sticky":false,"template":"","format":"standard","meta":{"footnotes":""},"categories":[33],"tags":[],"_links":{"self":[{"href":"https:\/\/www.conselharan.org\/ca\/wp-json\/wp\/v2\/posts\/11222"}],"collection":[{"href":"https:\/\/www.conselharan.org\/ca\/wp-json\/wp\/v2\/posts"}],"about":[{"href":"https:\/\/www.conselharan.org\/ca\/wp-json\/wp\/v2\/types\/post"}],"author":[{"embeddable":true,"href":"https:\/\/www.conselharan.org\/ca\/wp-json\/wp\/v2\/users\/2"}],"replies":[{"embeddable":true,"href":"https:\/\/www.conselharan.org\/ca\/wp-json\/wp\/v2\/comments?post=11222"}],"version-history":[{"count":1,"href":"https:\/\/www.conselharan.org\/ca\/wp-json\/wp\/v2\/posts\/11222\/revisions"}],"predecessor-version":[{"id":11223,"href":"https:\/\/www.conselharan.org\/ca\/wp-json\/wp\/v2\/posts\/11222\/revisions\/11223"}],"wp:featuredmedia":[{"embeddable":true,"href":"https:\/\/www.conselharan.org\/ca\/wp-json\/wp\/v2\/media\/11220"}],"wp:attachment":[{"href":"https:\/\/www.conselharan.org\/ca\/wp-json\/wp\/v2\/media?parent=11222"}],"wp:term":[{"taxonomy":"category","embeddable":true,"href":"https:\/\/www.conselharan.org\/ca\/wp-json\/wp\/v2\/categories?post=11222"},{"taxonomy":"post_tag","embeddable":true,"href":"https:\/\/www.conselharan.org\/ca\/wp-json\/wp\/v2\/tags?post=11222"}],"curies":[{"name":"wp","href":"https:\/\/api.w.org\/{rel}","templated":true}]}}