{"id":11238,"date":"2016-04-01T14:59:44","date_gmt":"2016-04-01T12:59:44","guid":{"rendered":"http:\/\/www.conselharan.org\/ca\/?p=11238"},"modified":"2016-04-01T15:00:36","modified_gmt":"2016-04-01T13:00:36","slug":"bona-participacio-a-la-val-daran-de-la-v-edicio-de-la-jornada-desporga-en-poma-de-muntanya","status":"publish","type":"post","link":"https:\/\/www.conselharan.org\/ca\/bona-participacio-a-la-val-daran-de-la-v-edicio-de-la-jornada-desporga-en-poma-de-muntanya\/","title":{"rendered":"Bona participaci\u00f3 a la Val d\u2019Aran de la V edici\u00f3 de la Jornada d\u2019esporga en poma de muntanya"},"content":{"rendered":"<p><a href=\"http:\/\/www.conselharan.org\/wp-content\/uploads\/2016\/04\/poma2.jpg\"><img loading=\"lazy\" decoding=\"async\" class=\"aligncenter size-large wp-image-11235\" src=\"http:\/\/www.conselharan.org\/wp-content\/uploads\/2016\/04\/poma2-1024x745.jpg\" alt=\"poma2\" width=\"1024\" height=\"745\" srcset=\"https:\/\/www.conselharan.org\/wp-content\/uploads\/2016\/04\/poma2-1024x745.jpg 1024w, https:\/\/www.conselharan.org\/wp-content\/uploads\/2016\/04\/poma2-300x218.jpg 300w, https:\/\/www.conselharan.org\/wp-content\/uploads\/2016\/04\/poma2.jpg 1118w\" sizes=\"(max-width: 1024px) 100vw, 1024px\" \/><\/a><\/p>\n<p>&nbsp;<\/p>\n<p>El Gov\u00e8rn d\u2019Aran, a trav\u00e9s del Departament d\u2019Agricultura, Ramaderia i Medi Natural, ha organitzat una jornada d\u2019esporga en poma de muntanya. Aquesta jornada, que compta amb el suport del Departament d\u2019Agricultura, Ramaderia, Pesca i Alimentaci\u00f3 de la Generalitat de Catalunya, s\u2019ha centrat en la tasca de la recuperaci\u00f3 i les potencialitats de nous productes emergents al voltant de les varietats locals de fruita a la Val d\u2019Aran.<\/p>\n<p>La producci\u00f3 de fruita en al\u00e7ada, constitueix una oportunitat per a la diversificaci\u00f3 de l&#8217;economia productiva dels territoris de muntanya que, en casos com la Val d\u2019Aran, est\u00e0 molt focalitzada en el turisme. Com tota innovaci\u00f3, requereix el seu aprenentatge en la tecnologia de producci\u00f3 i, en particular, la poda de l&#8217;arbre fruiter.<\/p>\n<p>&nbsp;<\/p>\n<p><a href=\"http:\/\/www.conselharan.org\/wp-content\/uploads\/2016\/04\/SINDIC-DARAN.jpg\"><img loading=\"lazy\" decoding=\"async\" class=\"aligncenter size-large wp-image-11236\" src=\"http:\/\/www.conselharan.org\/wp-content\/uploads\/2016\/04\/SINDIC-DARAN-1024x528.jpg\" alt=\"SINDIC D'ARAN\" width=\"1024\" height=\"528\" srcset=\"https:\/\/www.conselharan.org\/wp-content\/uploads\/2016\/04\/SINDIC-DARAN-1024x528.jpg 1024w, https:\/\/www.conselharan.org\/wp-content\/uploads\/2016\/04\/SINDIC-DARAN-300x155.jpg 300w\" sizes=\"(max-width: 1024px) 100vw, 1024px\" \/><\/a><\/p>\n<p>&nbsp;<\/p>\n<p>La jornada ha comptat amb la pres\u00e8ncia del s\u00edndic d\u2019Aran, <strong>Carlos Barrera<\/strong> i del conselh\u00e8r d\u2019Agricultura, Ramaderia i Medi Ambient d\u2019Aran,<strong> Jose Enrique Arr\u00f3.<\/strong><\/p>\n<p>En paraules del conselh\u00e8r <strong>Jose Enrique Arr\u00f3, \u201cla jornada t\u00e9 com objectiu aportar coneixements tant te\u00f2rics com pr\u00e0ctics sobre la poda de la pomera on a la Val d\u2019Aran aquest conreu ha estat des d\u2019\u00e8poques immemorials i encara i \u00e9s ben present\u201d.<\/strong><\/p>\n<p>&nbsp;<\/p>\n<p>&nbsp;<\/p>\n<p>Vielha, 1 d&#8217;abril de 2016<\/p>\n<p>&nbsp;<\/p>\n<p><em>Conselh Generau d&#8217;Aran: N\u00faria Sanjuan<\/em><\/p>\n ","protected":false},"excerpt":{"rendered":"<p>&nbsp; El Gov\u00e8rn d\u2019Aran, a trav\u00e9s del Departament d\u2019Agricultura, Ramaderia i Medi Natural, ha organitzat una jornada d\u2019esporga en poma de muntanya. Aquesta jornada, que compta amb el suport del Departament d\u2019Agricultura, Ramaderia, Pesca i Alimentaci\u00f3 de la Generalitat de Catalunya, s\u2019ha centrat en la tasca de la recuperaci\u00f3 i les potencialitats de nous productes&#8230;<\/p>\n","protected":false},"author":2,"featured_media":11235,"comment_status":"closed","ping_status":"closed","sticky":false,"template":"","format":"standard","meta":{"footnotes":""},"categories":[53],"tags":[],"_links":{"self":[{"href":"https:\/\/www.conselharan.org\/ca\/wp-json\/wp\/v2\/posts\/11238"}],"collection":[{"href":"https:\/\/www.conselharan.org\/ca\/wp-json\/wp\/v2\/posts"}],"about":[{"href":"https:\/\/www.conselharan.org\/ca\/wp-json\/wp\/v2\/types\/post"}],"author":[{"embeddable":true,"href":"https:\/\/www.conselharan.org\/ca\/wp-json\/wp\/v2\/users\/2"}],"replies":[{"embeddable":true,"href":"https:\/\/www.conselharan.org\/ca\/wp-json\/wp\/v2\/comments?post=11238"}],"version-history":[{"count":1,"href":"https:\/\/www.conselharan.org\/ca\/wp-json\/wp\/v2\/posts\/11238\/revisions"}],"predecessor-version":[{"id":11239,"href":"https:\/\/www.conselharan.org\/ca\/wp-json\/wp\/v2\/posts\/11238\/revisions\/11239"}],"wp:featuredmedia":[{"embeddable":true,"href":"https:\/\/www.conselharan.org\/ca\/wp-json\/wp\/v2\/media\/11235"}],"wp:attachment":[{"href":"https:\/\/www.conselharan.org\/ca\/wp-json\/wp\/v2\/media?parent=11238"}],"wp:term":[{"taxonomy":"category","embeddable":true,"href":"https:\/\/www.conselharan.org\/ca\/wp-json\/wp\/v2\/categories?post=11238"},{"taxonomy":"post_tag","embeddable":true,"href":"https:\/\/www.conselharan.org\/ca\/wp-json\/wp\/v2\/tags?post=11238"}],"curies":[{"name":"wp","href":"https:\/\/api.w.org\/{rel}","templated":true}]}}