{"id":11256,"date":"2016-04-01T18:32:45","date_gmt":"2016-04-01T16:32:45","guid":{"rendered":"http:\/\/www.conselharan.org\/ca\/?p=11256"},"modified":"2016-04-01T18:32:45","modified_gmt":"2016-04-01T16:32:45","slug":"el-conselh-generau-daran-i-lincasol-restauraran-aquesta-primavera-lesglesia-de-st-joan-darres","status":"publish","type":"post","link":"https:\/\/www.conselharan.org\/ca\/el-conselh-generau-daran-i-lincasol-restauraran-aquesta-primavera-lesglesia-de-st-joan-darres\/","title":{"rendered":"El Conselh Generau d\u2019Aran i l\u2019INCASOL restauraran aquesta primavera l\u2019esgl\u00e9sia de St. Joan d\u2019Arres"},"content":{"rendered":"<p>Vielha,1 d\u2019abril de 2016.- L\u2019<strong>Institut Catal\u00e0 del Sol <\/strong>(INCASOL) i el <strong>Conselh Generau d\u2019Aran<\/strong> escometran les obres de restauraci\u00f3 de la coberta, volta i esquerdes de l\u2019esgl\u00e9sia de Sant Joan d\u2019Arres. L\u2019actuaci\u00f3 de restauraci\u00f3, que s\u2019havia d\u2019haver produ\u00eft l\u2019any 2009 quan es va signar el conveni de col\u00b7laboraci\u00f3 i va ser post posada per manca de disponibilitat pressupostaria per part de la Generalitat de Catalunya, finalment es portar\u00e0 a terme aquesta primavera.<\/p>\n<p><a href=\"http:\/\/www.conselharan.org\/wp-content\/uploads\/2016\/04\/Captura-de-pantalla-completa-01042016-134849.jpg\"><img loading=\"lazy\" decoding=\"async\" class=\"aligncenter size-full wp-image-11254\" src=\"http:\/\/www.conselharan.org\/wp-content\/uploads\/2016\/04\/Captura-de-pantalla-completa-01042016-134849.jpg\" alt=\"Captura de pantalla completa 01042016 134849\" width=\"503\" height=\"392\" srcset=\"https:\/\/www.conselharan.org\/wp-content\/uploads\/2016\/04\/Captura-de-pantalla-completa-01042016-134849.jpg 503w, https:\/\/www.conselharan.org\/wp-content\/uploads\/2016\/04\/Captura-de-pantalla-completa-01042016-134849-300x234.jpg 300w, https:\/\/www.conselharan.org\/wp-content\/uploads\/2016\/04\/Captura-de-pantalla-completa-01042016-134849-423x330.jpg 423w\" sizes=\"(max-width: 503px) 100vw, 503px\" \/><\/a><\/p>\n<p>L\u2019any 2012 davant de la situaci\u00f3 de deteriorament de la volta i la coberta de l\u2019esgl\u00e9sia, el Conselh Generau d\u2019Aran, va executar la seva part del conveni, amb una inversi\u00f3 de 50.000\u20ac per garantir aquestes estructures que estaven en un estat for\u00e7a greu.<\/p>\n<p>Posteriorment, el Conselh Generau d\u2019Aran va continuar demanant l&#8217;execuci\u00f3 de la resta de les obres pendents, i finalment, en data 30 de setembre de 2015, l\u2019INCASOL va aprovar una nova addenda al conveni de 2009 que possibilita l&#8217;execuci\u00f3 les obres restants. En aquest sentit l\u2019INCASOL ha licitat les obres de la segona fase de restauraci\u00f3 de l\u2019esgl\u00e9sia de Sant Joan d\u2019Arres, per un import de 84.709,23\u20ac m\u00e9s IVA, per tal de restaurar la coberta, volta i esquerdes de l\u2019esgl\u00e9sia.<\/p>\n<p>Aquesta actuaci\u00f3 <strong>\u201c\u00e9s fruit de la insist\u00e8ncia del Conselh Generau d\u2019Aran i de l&#8217;Ajuntament d\u2019Arres, i garantir\u00e0 la conservaci\u00f3 en bon estat d\u2019un important element arquitect\u00f2nic de la Val d\u2019Aran com \u00e9s l&#8217;esgl\u00e9sia de Sant Joan d\u2019Arres\u201d <\/strong>ha manifestat el sindic d\u2019Aran <strong>Carlos Barrera<\/strong>.<\/p>\n<p>&nbsp;<\/p>\n<p>El sindic, tamb\u00e9 ha volgut posar de manifest \u201cla determinaci\u00f3 del Departament de Territori de la Generalitat, per dur a terme aquesta actuaci\u00f3 malgrat les greus dificultats econ\u00f2miques que pateix la Generalitat de Catalunya\u201d.<\/p>\n ","protected":false},"excerpt":{"rendered":"<p>Vielha,1 d\u2019abril de 2016.- L\u2019Institut Catal\u00e0 del Sol (INCASOL) i el Conselh Generau d\u2019Aran escometran les obres de restauraci\u00f3 de la coberta, volta i esquerdes de l\u2019esgl\u00e9sia de Sant Joan d\u2019Arres. L\u2019actuaci\u00f3 de restauraci\u00f3, que s\u2019havia d\u2019haver produ\u00eft l\u2019any 2009 quan es va signar el conveni de col\u00b7laboraci\u00f3 i va ser post posada per manca&#8230;<\/p>\n","protected":false},"author":2,"featured_media":11254,"comment_status":"closed","ping_status":"closed","sticky":false,"template":"","format":"standard","meta":{"footnotes":""},"categories":[53],"tags":[],"_links":{"self":[{"href":"https:\/\/www.conselharan.org\/ca\/wp-json\/wp\/v2\/posts\/11256"}],"collection":[{"href":"https:\/\/www.conselharan.org\/ca\/wp-json\/wp\/v2\/posts"}],"about":[{"href":"https:\/\/www.conselharan.org\/ca\/wp-json\/wp\/v2\/types\/post"}],"author":[{"embeddable":true,"href":"https:\/\/www.conselharan.org\/ca\/wp-json\/wp\/v2\/users\/2"}],"replies":[{"embeddable":true,"href":"https:\/\/www.conselharan.org\/ca\/wp-json\/wp\/v2\/comments?post=11256"}],"version-history":[{"count":1,"href":"https:\/\/www.conselharan.org\/ca\/wp-json\/wp\/v2\/posts\/11256\/revisions"}],"predecessor-version":[{"id":11257,"href":"https:\/\/www.conselharan.org\/ca\/wp-json\/wp\/v2\/posts\/11256\/revisions\/11257"}],"wp:featuredmedia":[{"embeddable":true,"href":"https:\/\/www.conselharan.org\/ca\/wp-json\/wp\/v2\/media\/11254"}],"wp:attachment":[{"href":"https:\/\/www.conselharan.org\/ca\/wp-json\/wp\/v2\/media?parent=11256"}],"wp:term":[{"taxonomy":"category","embeddable":true,"href":"https:\/\/www.conselharan.org\/ca\/wp-json\/wp\/v2\/categories?post=11256"},{"taxonomy":"post_tag","embeddable":true,"href":"https:\/\/www.conselharan.org\/ca\/wp-json\/wp\/v2\/tags?post=11256"}],"curies":[{"name":"wp","href":"https:\/\/api.w.org\/{rel}","templated":true}]}}