{"id":11303,"date":"2016-04-05T17:42:51","date_gmt":"2016-04-05T15:42:51","guid":{"rendered":"http:\/\/www.conselharan.org\/ca\/?p=11303"},"modified":"2016-04-08T13:23:03","modified_gmt":"2016-04-08T11:23:03","slug":"reunio-de-seguretat-i-coordinacio-de-litinerari-de-la-novena-etapa-del-tour-de-franca-2016-que-sortira-de-vielha","status":"publish","type":"post","link":"https:\/\/www.conselharan.org\/ca\/reunio-de-seguretat-i-coordinacio-de-litinerari-de-la-novena-etapa-del-tour-de-franca-2016-que-sortira-de-vielha\/","title":{"rendered":"Reuni\u00f3 de seguretat i coordinaci\u00f3 de l\u2019itinerari de la novena etapa del Tour de Fran\u00e7a 2016 que sortir\u00e0 de Vielha"},"content":{"rendered":"<p>\u2022<strong> El 10 de juliol la Val d\u2019Aran acollir\u00e0 la sortida de la novena etapa del Tour de Fran\u00e7a 2016 (Vielha- Arcal\u00eds).<\/strong><\/p>\n<p>&nbsp;<\/p>\n<p><a href=\"http:\/\/www.conselharan.org\/wp-content\/uploads\/2016\/04\/re\u00fcnion-seguretat0.jpg\"><img loading=\"lazy\" decoding=\"async\" class=\"aligncenter size-large wp-image-11301\" src=\"http:\/\/www.conselharan.org\/wp-content\/uploads\/2016\/04\/re\u00fcnion-seguretat0-1024x583.jpg\" alt=\"re\u00fcnion seguretat0\" width=\"1024\" height=\"583\" srcset=\"https:\/\/www.conselharan.org\/wp-content\/uploads\/2016\/04\/re\u00fcnion-seguretat0-1024x583.jpg 1024w, https:\/\/www.conselharan.org\/wp-content\/uploads\/2016\/04\/re\u00fcnion-seguretat0-300x171.jpg 300w, https:\/\/www.conselharan.org\/wp-content\/uploads\/2016\/04\/re\u00fcnion-seguretat0-305x175.jpg 305w, https:\/\/www.conselharan.org\/wp-content\/uploads\/2016\/04\/re\u00fcnion-seguretat0.jpg 1594w\" sizes=\"(max-width: 1024px) 100vw, 1024px\" \/><\/a><\/p>\n<p>&nbsp;<\/p>\n<p>La seu del Conselh Generau d\u2019Aran ha acollit aquest mat\u00ed la reuni\u00f3 de seguretat i coordinaci\u00f3 entre els cossos i forces de seguretat en l\u2019itinerari de la novena etapa del Tour de Fran\u00e7a del 10 de juliol amb sortida de Vielha i arribada a Arcalis (Andorra) amb 184.5 Km i 5 ports de muntanya.<\/p>\n<p>La reuni\u00f3 ha estat presidida pel vicesindic d\u2019Aran i conselh\u00e8r d\u2019Esports, <strong>Luis Carlos Medina<\/strong>, pel conselh\u00e8r de Territori d\u2019Aran, <strong>Jose Antonio Boya<\/strong> i pel comissari general responsable de les sortides del Tour de Fran\u00e7a, <strong>Yannick Goasduff<\/strong>, amb la pres\u00e8ncia del director general dels Mossos d\u2019Esquadra, <strong>Albert Batlle<\/strong>, de representants de l\u2019organitzaci\u00f3 del Tour de Fran\u00e7a, <strong>Jean-Louis Pag\u00e8s<\/strong> i <strong>Bertrand Charrier,<\/strong> del director de la Volta Ciclista Catalunya, <strong>Ruben Peris<\/strong>, a m\u00e9s de representants de les forces i cossos de seguretat <strong>Gendarmerie Nationale, Garde R\u00e9publicaine, Police Nationale, Mossos d\u2019Esquadra, Policia Nacional i Guardia Civil.<\/strong><\/p>\n<p>&nbsp;<\/p>\n<p><a href=\"http:\/\/www.conselharan.org\/wp-content\/uploads\/2016\/04\/re\u00fcnion-seguretat.jpg\"><img loading=\"lazy\" decoding=\"async\" class=\"aligncenter size-large wp-image-11300\" src=\"http:\/\/www.conselharan.org\/wp-content\/uploads\/2016\/04\/re\u00fcnion-seguretat-1024x659.jpg\" alt=\"re\u00fcnion seguretat\" width=\"1024\" height=\"659\" srcset=\"https:\/\/www.conselharan.org\/wp-content\/uploads\/2016\/04\/re\u00fcnion-seguretat-1024x659.jpg 1024w, https:\/\/www.conselharan.org\/wp-content\/uploads\/2016\/04\/re\u00fcnion-seguretat-300x193.jpg 300w, https:\/\/www.conselharan.org\/wp-content\/uploads\/2016\/04\/re\u00fcnion-seguretat.jpg 1600w\" sizes=\"(max-width: 1024px) 100vw, 1024px\" \/><\/a><\/p>\n<p>&nbsp;<\/p>\n<p>En paraules del vicesindic d\u2019Aran i conselh\u00e8r d\u2019Esports, <strong>Luis Carlos Medina \u201cha estat una reuni\u00f3 amb molt bona sintonia i entesa entre les Administracions i les forces i cossos de seguretat. El Conselh Generau d\u2019Aran i el Departament d\u2019Interior han ficat sobre la taula tots els aspectes de viabilitat i seguretat per la sortida del Tour de Fran\u00e7a el 10 de juliol\u201d<\/strong><\/p>\n<p><strong>\u201cEl treball ha sigut un \u00e8xit i evidencia la professionalitat i coneixements dels implicats, treballarem per garantir la m\u00e0xima efici\u00e8ncia i seguretat en aquest esdeveniment tant important\u201d<\/strong> ha afegit <strong>Medina<\/strong>.<\/p>\n<p>&nbsp;<\/p>\n<p>&nbsp;<\/p>\n<p>Vielha, 5 d&#8217;abril de 2016<\/p>\n<p>&nbsp;<\/p>\n<p><em>Conselh Generau d&#8217;Aran: N\u00faria Sanjuan<\/em><\/p>\n ","protected":false},"excerpt":{"rendered":"<p>\u2022 El 10 de juliol la Val d\u2019Aran acollir\u00e0 la sortida de la novena etapa del Tour de Fran\u00e7a 2016 (Vielha- Arcal\u00eds). &nbsp; &nbsp; La seu del Conselh Generau d\u2019Aran ha acollit aquest mat\u00ed la reuni\u00f3 de seguretat i coordinaci\u00f3 entre els cossos i forces de seguretat en l\u2019itinerari de la novena etapa del Tour&#8230;<\/p>\n","protected":false},"author":2,"featured_media":11301,"comment_status":"closed","ping_status":"closed","sticky":false,"template":"","format":"standard","meta":{"footnotes":""},"categories":[53],"tags":[],"_links":{"self":[{"href":"https:\/\/www.conselharan.org\/ca\/wp-json\/wp\/v2\/posts\/11303"}],"collection":[{"href":"https:\/\/www.conselharan.org\/ca\/wp-json\/wp\/v2\/posts"}],"about":[{"href":"https:\/\/www.conselharan.org\/ca\/wp-json\/wp\/v2\/types\/post"}],"author":[{"embeddable":true,"href":"https:\/\/www.conselharan.org\/ca\/wp-json\/wp\/v2\/users\/2"}],"replies":[{"embeddable":true,"href":"https:\/\/www.conselharan.org\/ca\/wp-json\/wp\/v2\/comments?post=11303"}],"version-history":[{"count":1,"href":"https:\/\/www.conselharan.org\/ca\/wp-json\/wp\/v2\/posts\/11303\/revisions"}],"predecessor-version":[{"id":11304,"href":"https:\/\/www.conselharan.org\/ca\/wp-json\/wp\/v2\/posts\/11303\/revisions\/11304"}],"wp:featuredmedia":[{"embeddable":true,"href":"https:\/\/www.conselharan.org\/ca\/wp-json\/wp\/v2\/media\/11301"}],"wp:attachment":[{"href":"https:\/\/www.conselharan.org\/ca\/wp-json\/wp\/v2\/media?parent=11303"}],"wp:term":[{"taxonomy":"category","embeddable":true,"href":"https:\/\/www.conselharan.org\/ca\/wp-json\/wp\/v2\/categories?post=11303"},{"taxonomy":"post_tag","embeddable":true,"href":"https:\/\/www.conselharan.org\/ca\/wp-json\/wp\/v2\/tags?post=11303"}],"curies":[{"name":"wp","href":"https:\/\/api.w.org\/{rel}","templated":true}]}}