{"id":11352,"date":"2016-04-07T19:03:51","date_gmt":"2016-04-07T17:03:51","guid":{"rendered":"http:\/\/www.conselharan.org\/ca\/?p=11352"},"modified":"2016-04-07T19:03:51","modified_gmt":"2016-04-07T17:03:51","slug":"lidapa-presenta-al-conselh-generau-daran-el-metode-sendif","status":"publish","type":"post","link":"https:\/\/www.conselharan.org\/ca\/lidapa-presenta-al-conselh-generau-daran-el-metode-sendif\/","title":{"rendered":"L\u2019IDAPA presenta al Conselh Generau d\u2019Aran el m\u00e8tode SENDIF"},"content":{"rendered":"<p>Vielha, 07 d\u2019abril de 2016.- Els responsables de <strong>l\u2019Institut per al Desenvolupament i Promoci\u00f3 de l\u2019Alt Pirineu i Aran (IDAPA)<\/strong>, han presentat avui al <strong>Conselh Generau d\u2019Aran<\/strong> el <strong>m\u00e8tode<\/strong> <strong>SENDIF<\/strong>, a trav\u00e9s del qual s\u2019estableixen els criteris per determinar el grau de dificultat dels itineraris a peu pels camins i senders. La presentaci\u00f3 s\u2019ha produ\u00eft durant el decurs de la reuni\u00f3 de la Taula de Senderisme de l\u2019Alt Pirineu i Aran.<\/p>\n<p>Aquesta guia que fa tot just quatre mesos que \u00e9s creada i que encara est\u00e0 en per\u00edode de proba, \u00e9s una nova eina per a informadors tur\u00edstics i t\u00e8cnics en senderisme, adre\u00e7ada a tot tipus de p\u00fablic.<\/p>\n<p>El director de l\u2019IDAPA <strong>Pere Porta<\/strong>, ha explicat que el m\u00e8tode neix perqu\u00e8 es va detectar que hi havia una vintena diferent de maneres d\u2019explicar \u201cles dificultats\u201d tant f\u00edsiques com t\u00e8cniques dels itineraris, una informaci\u00f3 que sempre \u00e9s present en qualsevol ruta, per poder unificar la manera d\u2019explicar-ho i perqu\u00e8 aquesta informaci\u00f3 sigui el m\u00e9s ajustada possible a la realitat.<\/p>\n<p><a href=\"http:\/\/www.conselharan.org\/wp-content\/uploads\/2016\/04\/IMG_1231-001.jpg\"><img loading=\"lazy\" decoding=\"async\" class=\"aligncenter size-large wp-image-11349\" src=\"http:\/\/www.conselharan.org\/wp-content\/uploads\/2016\/04\/IMG_1231-001-1024x484.jpg\" alt=\"IMG_1231-001\" width=\"1024\" height=\"484\" srcset=\"https:\/\/www.conselharan.org\/wp-content\/uploads\/2016\/04\/IMG_1231-001-1024x484.jpg 1024w, https:\/\/www.conselharan.org\/wp-content\/uploads\/2016\/04\/IMG_1231-001-300x142.jpg 300w\" sizes=\"(max-width: 1024px) 100vw, 1024px\" \/><\/a><\/p>\n<p>SENDIF s\u2019ha elaborat amb les aportacions sorgides de les conclusions de dos seminaris t\u00e8cnics de debat i la participaci\u00f3 d\u2019una trentena d\u2019experts.<\/p>\n<p>La nova guia, te format digital i es pot consultar a la p\u00e0gina web <a href=\"http:\/\/www.sompirineu.cat\/som-senderisme\/sendif\">www.sompirineu.cat\/som-senderisme\/sendif<\/a><\/p>\n<p>Per la seva part, la conselh\u00e8ra de Turisme <strong>Anna D\u00edaz<\/strong>, que ha presidit la reuni\u00f3 de la <strong>Taula de Senderisme de l\u2019Alt Pirineu i Aran<\/strong>, s\u2019ha felicitat per aquesta nova eina i ha enumerat les accions del Conselh Generau d\u2019Aran per promocionar i difondre les 22 rutes i senders del Naut Aran, Mig Aran i Baish Aran. D\u00edaz, ha explicat que aquesta promoci\u00f3 es fa mitjan\u00e7ant Torisme Val d\u2019Aran i que el Gov\u00e8rn d\u2019Aran treballa cont\u00ednuament en l\u2019adaptaci\u00f3, la millora i la senyalitzaci\u00f3 dels diferents camins i senders, aix\u00ed com en l\u2019obertura de noves rutes com en el cas del nou projecte de senyalitzaci\u00f3 i acc\u00e9s al Tuc del Montlude. La conselh\u00e8ra tamb\u00e9 s\u2019ha referit a la promoci\u00f3 de les rutes de bicicleta i BTT de la Val d\u2019Aran, una de les apostes per als propers mesos i a la tasca que es desenvolupa conjuntament amb les empreses araneses de senderisme i turisme actiu.<\/p>\n<p>La conselh\u00e8ra Anna D\u00edaz, ha anunciat que <strong>el m\u00e8tode SENDIF, que tamb\u00e9 inclou recomanacions per als usuaris, tindr\u00e0 la seva versi\u00f3 en aran\u00e8s <\/strong>que anir\u00e0 a c\u00e0rrec del departament de Pol\u00edtica Ling\u00fc\u00edstica del Conselh Generau d\u2019Aran.<\/p>\n<p>Durant la trobada, els responsables t\u00e8cnics de l\u2019IDAPA, han anunciat la creaci\u00f3 d\u2019un Festival de Senderisme del Pirineu.<\/p>\n ","protected":false},"excerpt":{"rendered":"<p>Vielha, 07 d\u2019abril de 2016.- Els responsables de l\u2019Institut per al Desenvolupament i Promoci\u00f3 de l\u2019Alt Pirineu i Aran (IDAPA), han presentat avui al Conselh Generau d\u2019Aran el m\u00e8tode SENDIF, a trav\u00e9s del qual s\u2019estableixen els criteris per determinar el grau de dificultat dels itineraris a peu pels camins i senders. La presentaci\u00f3 s\u2019ha produ\u00eft&#8230;<\/p>\n","protected":false},"author":2,"featured_media":11349,"comment_status":"closed","ping_status":"closed","sticky":false,"template":"","format":"standard","meta":{"footnotes":""},"categories":[53],"tags":[],"_links":{"self":[{"href":"https:\/\/www.conselharan.org\/ca\/wp-json\/wp\/v2\/posts\/11352"}],"collection":[{"href":"https:\/\/www.conselharan.org\/ca\/wp-json\/wp\/v2\/posts"}],"about":[{"href":"https:\/\/www.conselharan.org\/ca\/wp-json\/wp\/v2\/types\/post"}],"author":[{"embeddable":true,"href":"https:\/\/www.conselharan.org\/ca\/wp-json\/wp\/v2\/users\/2"}],"replies":[{"embeddable":true,"href":"https:\/\/www.conselharan.org\/ca\/wp-json\/wp\/v2\/comments?post=11352"}],"version-history":[{"count":1,"href":"https:\/\/www.conselharan.org\/ca\/wp-json\/wp\/v2\/posts\/11352\/revisions"}],"predecessor-version":[{"id":11353,"href":"https:\/\/www.conselharan.org\/ca\/wp-json\/wp\/v2\/posts\/11352\/revisions\/11353"}],"wp:featuredmedia":[{"embeddable":true,"href":"https:\/\/www.conselharan.org\/ca\/wp-json\/wp\/v2\/media\/11349"}],"wp:attachment":[{"href":"https:\/\/www.conselharan.org\/ca\/wp-json\/wp\/v2\/media?parent=11352"}],"wp:term":[{"taxonomy":"category","embeddable":true,"href":"https:\/\/www.conselharan.org\/ca\/wp-json\/wp\/v2\/categories?post=11352"},{"taxonomy":"post_tag","embeddable":true,"href":"https:\/\/www.conselharan.org\/ca\/wp-json\/wp\/v2\/tags?post=11352"}],"curies":[{"name":"wp","href":"https:\/\/api.w.org\/{rel}","templated":true}]}}