{"id":11371,"date":"2016-04-08T13:22:38","date_gmt":"2016-04-08T11:22:38","guid":{"rendered":"http:\/\/www.conselharan.org\/ca\/?p=11371"},"modified":"2016-04-08T14:24:37","modified_gmt":"2016-04-08T12:24:37","slug":"imatges-de-lossa-hvala-amb-els-seus-cadells","status":"publish","type":"post","link":"https:\/\/www.conselharan.org\/ca\/imatges-de-lossa-hvala-amb-els-seus-cadells\/","title":{"rendered":"Imatges de l&#8217;\u00f3ssa Hvala amb els seus cadells"},"content":{"rendered":"<p>\u2022<strong> El Gov\u00e8rn d&#8217;Aran ha ficat el nom a un dels cadells: Tai (germ\u00e0 en aran\u00e8s) si \u00e9s mascle o Tata (germana en aran\u00e8s) si \u00e9s femella.<\/strong><\/p>\n<p>&nbsp;<\/p>\n<p><a href=\"http:\/\/www.conselharan.org\/wp-content\/uploads\/2016\/04\/HVALA.jpg\"><img loading=\"lazy\" decoding=\"async\" class=\"aligncenter size-large wp-image-11367\" src=\"http:\/\/www.conselharan.org\/wp-content\/uploads\/2016\/04\/HVALA-1024x768.jpg\" alt=\"HVALA\" width=\"1024\" height=\"768\" srcset=\"https:\/\/www.conselharan.org\/wp-content\/uploads\/2016\/04\/HVALA-1024x768.jpg 1024w, https:\/\/www.conselharan.org\/wp-content\/uploads\/2016\/04\/HVALA-300x225.jpg 300w\" sizes=\"(max-width: 1024px) 100vw, 1024px\" \/><\/a><\/p>\n<p>&nbsp;<\/p>\n<p>Agents de Medi Natural del Conselh Generau d\u2019Aran han recuperat en el municipi de Vielha e Mijaran fotos del dia 4 de mar\u00e7 fetes amb c\u00e0meres de foto trampeig de l&#8217;\u00f3ssa Hvala i els seus dos cadells nascuts en el 2015.<\/p>\n<p>&nbsp;<\/p>\n<p><a href=\"http:\/\/www.conselharan.org\/wp-content\/uploads\/2016\/04\/HVALA1.jpg\"><img loading=\"lazy\" decoding=\"async\" class=\"aligncenter size-large wp-image-11368\" src=\"http:\/\/www.conselharan.org\/wp-content\/uploads\/2016\/04\/HVALA1-1024x768.jpg\" alt=\"HVALA1\" width=\"1024\" height=\"768\" srcset=\"https:\/\/www.conselharan.org\/wp-content\/uploads\/2016\/04\/HVALA1-1024x768.jpg 1024w, https:\/\/www.conselharan.org\/wp-content\/uploads\/2016\/04\/HVALA1-300x225.jpg 300w\" sizes=\"(max-width: 1024px) 100vw, 1024px\" \/><\/a><\/p>\n<p>&nbsp;<\/p>\n<p>El Gov\u00e8rn d&#8217;Aran ha ficat el nom a un dels cadells: Tai (germ\u00e0 en aran\u00e8s) si \u00e9s mascle o Tata (germana en aran\u00e8s) si \u00e9s femella.<\/p>\n<p>&nbsp;<\/p>\n<p>&nbsp;<\/p>\n<p><a href=\"http:\/\/www.conselharan.org\/wp-content\/uploads\/2016\/04\/HVALA2.jpg\"><img loading=\"lazy\" decoding=\"async\" class=\"aligncenter size-large wp-image-11369\" src=\"http:\/\/www.conselharan.org\/wp-content\/uploads\/2016\/04\/HVALA2-1024x768.jpg\" alt=\"HVALA2\" width=\"1024\" height=\"768\" srcset=\"https:\/\/www.conselharan.org\/wp-content\/uploads\/2016\/04\/HVALA2-1024x768.jpg 1024w, https:\/\/www.conselharan.org\/wp-content\/uploads\/2016\/04\/HVALA2-300x225.jpg 300w\" sizes=\"(max-width: 1024px) 100vw, 1024px\" \/><\/a><\/p>\n<p>&nbsp;<\/p>\n<p>Per la seva banda, Fran\u00e7a posar\u00e0 nom a l&#8217;altre cadell.<\/p>\n<p><strong>El seguiment i les imatges s\u2019han obtingut en el marc del projecte PirosLife.<\/strong><\/p>\n<p>&nbsp;<\/p>\n<p>&nbsp;<\/p>\n<p>Vielha, 8 d&#8217;abril de 2016<\/p>\n<p>&nbsp;<\/p>\n<p><em>Conselh Generau d&#8217;Aran: N\u00faria Sanjuan<\/em><\/p>\n ","protected":false},"excerpt":{"rendered":"<p>\u2022 El Gov\u00e8rn d&#8217;Aran ha ficat el nom a un dels cadells: Tai (germ\u00e0 en aran\u00e8s) si \u00e9s mascle o Tata (germana en aran\u00e8s) si \u00e9s femella. &nbsp; &nbsp; Agents de Medi Natural del Conselh Generau d\u2019Aran han recuperat en el municipi de Vielha e Mijaran fotos del dia 4 de mar\u00e7 fetes amb c\u00e0meres&#8230;<\/p>\n","protected":false},"author":2,"featured_media":11369,"comment_status":"closed","ping_status":"closed","sticky":false,"template":"","format":"standard","meta":{"footnotes":""},"categories":[53,128,127],"tags":[],"_links":{"self":[{"href":"https:\/\/www.conselharan.org\/ca\/wp-json\/wp\/v2\/posts\/11371"}],"collection":[{"href":"https:\/\/www.conselharan.org\/ca\/wp-json\/wp\/v2\/posts"}],"about":[{"href":"https:\/\/www.conselharan.org\/ca\/wp-json\/wp\/v2\/types\/post"}],"author":[{"embeddable":true,"href":"https:\/\/www.conselharan.org\/ca\/wp-json\/wp\/v2\/users\/2"}],"replies":[{"embeddable":true,"href":"https:\/\/www.conselharan.org\/ca\/wp-json\/wp\/v2\/comments?post=11371"}],"version-history":[{"count":2,"href":"https:\/\/www.conselharan.org\/ca\/wp-json\/wp\/v2\/posts\/11371\/revisions"}],"predecessor-version":[{"id":11377,"href":"https:\/\/www.conselharan.org\/ca\/wp-json\/wp\/v2\/posts\/11371\/revisions\/11377"}],"wp:featuredmedia":[{"embeddable":true,"href":"https:\/\/www.conselharan.org\/ca\/wp-json\/wp\/v2\/media\/11369"}],"wp:attachment":[{"href":"https:\/\/www.conselharan.org\/ca\/wp-json\/wp\/v2\/media?parent=11371"}],"wp:term":[{"taxonomy":"category","embeddable":true,"href":"https:\/\/www.conselharan.org\/ca\/wp-json\/wp\/v2\/categories?post=11371"},{"taxonomy":"post_tag","embeddable":true,"href":"https:\/\/www.conselharan.org\/ca\/wp-json\/wp\/v2\/tags?post=11371"}],"curies":[{"name":"wp","href":"https:\/\/api.w.org\/{rel}","templated":true}]}}