{"id":11387,"date":"2016-04-08T14:43:43","date_gmt":"2016-04-08T12:43:43","guid":{"rendered":"http:\/\/www.conselharan.org\/ca\/?p=11387"},"modified":"2016-04-08T19:01:51","modified_gmt":"2016-04-08T17:01:51","slug":"el-conselh-generau-daran-i-ecovidrio-tanquen-la-campanya-hrc-amb-205-000-kg-de-vidre-recollit","status":"publish","type":"post","link":"https:\/\/www.conselharan.org\/ca\/el-conselh-generau-daran-i-ecovidrio-tanquen-la-campanya-hrc-amb-205-000-kg-de-vidre-recollit\/","title":{"rendered":"El Conselh Generau d\u2019Aran i Ecovidrio tanquen la campanya HRC amb 205.000 Kg. de vidre recollit"},"content":{"rendered":"<p>Vielha, 08 d\u2019abril de 2016.- El <strong>Conselh Generau d\u2019Aran<\/strong> amb la col\u00b7laboraci\u00f3 d\u2019<strong>Ecovidrio<\/strong>, ha portat a terme un any m\u00e9s durant els mesos de gener, febrer i mar\u00e7, la <strong>campanya HRC<\/strong> (Hostaleria, Restauraci\u00f3 i C\u00e0tering) de recollida separada de vidre a la Val d\u2019Aran, amb uns resultats que han superat els de la campanya de l\u2019any passat ja que <strong>s\u2019han recollit 205.716 Kg. de vidre.<\/strong><\/p>\n<p>La campanya d\u2019enguany s\u2019ha centrat en els establiments de restauraci\u00f3 de la Val d\u2019Aran, i especialment els de la zona del Naut Aran i l\u2019\u00e0rea de Baqueira Beret, per conscienciar-los i fomentar entre ells la recollida selectiva dels envasos de vidre generats en les seves activitats.<\/p>\n<p>Despr\u00e9s de varies <strong>visites personalitzades a m\u00e9s de 200 establiments es van repartir cubells espec\u00edfics adaptats a les necessitats de cada productor i s\u2019han distribu\u00eft 40 igl\u00fas verds model VACRI que faciliten el buidat dels contenidors dels usuaris.<\/strong> A tots els establiments se\u2019ls va lliurar un adhesiu de la campanya i un flyer informatiu amb la hist\u00f2ria i les curiositats del reciclatge de vidre.<\/p>\n<p><a href=\"http:\/\/www.conselharan.org\/wp-content\/uploads\/2016\/04\/image.png\"><img loading=\"lazy\" decoding=\"async\" class=\"aligncenter size-full wp-image-11400\" src=\"http:\/\/www.conselharan.org\/wp-content\/uploads\/2016\/04\/image.png\" alt=\"image\" width=\"960\" height=\"640\" srcset=\"https:\/\/www.conselharan.org\/wp-content\/uploads\/2016\/04\/image.png 960w, https:\/\/www.conselharan.org\/wp-content\/uploads\/2016\/04\/image-300x200.png 300w\" sizes=\"(max-width: 960px) 100vw, 960px\" \/><\/a><\/p>\n<p>Amb la finalitat d\u2019estimular la participaci\u00f3 dels empresaris de l\u2019hostaleria i la restauraci\u00f3 de la Val d\u2019Aran en la recollida selectiva dels envasos de vidre, Ecovidrio convidava a participar als establiments en un concurs sobre h\u00e0bits i formes de reciclar.<\/p>\n<p>Les condicions per optar als premis eren:<\/p>\n<p>-Reciclar vidre correctament.<\/p>\n<p>-Tenir l\u2019adhesiu en un lloc visible de l\u2019establiment.<\/p>\n<p>-Aconseguir ecopunts responent correctament a un test sobre la hist\u00f2ria del reciclatge de vidre inclosa al flyer lliurat.<\/p>\n<p>Finalment es va comprovar que els establiments complissin amb les condicions per optar al premi i es van realitzar els tests d\u2019ecopunts.<\/p>\n<p>L\u2019establiment guanyador del concurs sobre h\u00e0bits i formes de reciclar ha estat el <strong>restaurant Casa Irene d\u2019Arties<\/strong>. El premi ha consistit en un viatge de quatre dies per a dues persones, pels propietaris de l\u2019establiment a \u00c0ustria, pa\u00eds mod\u00e8lic en la recollida selectiva dels residus i que presenta uns percentatges de recollida selectiva molt elevats; i 5 packs d\u2019estan\u00e7a rural (Smart box) pels treballadors del establiment.<\/p>\n<p>En l\u2019acte de l\u2019entrega del premi al restaurant Casa Irene, el conselh\u00e8r de Territ\u00f2ri del Conselh Generau d\u2019Aran <strong>Jos\u00e9 Antonio Boya<\/strong>, ha volgut <strong>\u201cagrair l\u2019esfor\u00e7 i la implicaci\u00f3 dels empresaris i treballadors del sector de l\u2019hostaleria i la restauraci\u00f3 de la Val d\u2019Aran, i m\u00e9s concretament enguany als establiments del Naut Aran, per col\u00b7laborar a trav\u00e9s de la seva participaci\u00f3 en aquesta campanya de recollida separada de vidre al manteniment de la Val d\u2019Aran com un pa\u00eds respectu\u00f3s amb el medi ambient i la natura, que a la vegada ofereix una oferta hostalera i de restauraci\u00f3 de gran qualitat\u201d.<\/strong><\/p>\n<p>Finalment, cal recordar que l\u2019any 2015 el <strong>Conselh Generau d\u2019Aran<\/strong> ja <strong>va ser distingit per l\u2019Ag\u00e8ncia de Residus de Catalunya com el territori amb millor percentatge de recollida separada de vidre, prop de 50 kg per habitant i any<\/strong>, i que amb la campanya que ara es tanca el Conselh Generau d\u2019Aran, confia en seguir millorant aquests percentatges, no nom\u00e9s en all\u00f2 que correspon a la fracci\u00f3 de vidre, si no tamb\u00e9 en les dem\u00e8s fraccions de la recollida selectiva dels residus municipals.<\/p>\n<p>L\u2019any <strong>2015 el Conselh Generau d\u2019Aran va gestionar separadament el 19,51% dels residus generats al territori, el que representa un 3% m\u00e9s sobre la separaci\u00f3 de residus de l\u2019any 2014.<\/strong><\/p>\n ","protected":false},"excerpt":{"rendered":"<p>Vielha, 08 d\u2019abril de 2016.- El Conselh Generau d\u2019Aran amb la col\u00b7laboraci\u00f3 d\u2019Ecovidrio, ha portat a terme un any m\u00e9s durant els mesos de gener, febrer i mar\u00e7, la campanya HRC (Hostaleria, Restauraci\u00f3 i C\u00e0tering) de recollida separada de vidre a la Val d\u2019Aran, amb uns resultats que han superat els de la campanya de&#8230;<\/p>\n","protected":false},"author":2,"featured_media":11400,"comment_status":"closed","ping_status":"closed","sticky":false,"template":"","format":"standard","meta":{"footnotes":""},"categories":[33],"tags":[],"_links":{"self":[{"href":"https:\/\/www.conselharan.org\/ca\/wp-json\/wp\/v2\/posts\/11387"}],"collection":[{"href":"https:\/\/www.conselharan.org\/ca\/wp-json\/wp\/v2\/posts"}],"about":[{"href":"https:\/\/www.conselharan.org\/ca\/wp-json\/wp\/v2\/types\/post"}],"author":[{"embeddable":true,"href":"https:\/\/www.conselharan.org\/ca\/wp-json\/wp\/v2\/users\/2"}],"replies":[{"embeddable":true,"href":"https:\/\/www.conselharan.org\/ca\/wp-json\/wp\/v2\/comments?post=11387"}],"version-history":[{"count":3,"href":"https:\/\/www.conselharan.org\/ca\/wp-json\/wp\/v2\/posts\/11387\/revisions"}],"predecessor-version":[{"id":11406,"href":"https:\/\/www.conselharan.org\/ca\/wp-json\/wp\/v2\/posts\/11387\/revisions\/11406"}],"wp:featuredmedia":[{"embeddable":true,"href":"https:\/\/www.conselharan.org\/ca\/wp-json\/wp\/v2\/media\/11400"}],"wp:attachment":[{"href":"https:\/\/www.conselharan.org\/ca\/wp-json\/wp\/v2\/media?parent=11387"}],"wp:term":[{"taxonomy":"category","embeddable":true,"href":"https:\/\/www.conselharan.org\/ca\/wp-json\/wp\/v2\/categories?post=11387"},{"taxonomy":"post_tag","embeddable":true,"href":"https:\/\/www.conselharan.org\/ca\/wp-json\/wp\/v2\/tags?post=11387"}],"curies":[{"name":"wp","href":"https:\/\/api.w.org\/{rel}","templated":true}]}}