{"id":11398,"date":"2016-04-08T17:41:49","date_gmt":"2016-04-08T15:41:49","guid":{"rendered":"http:\/\/www.conselharan.org\/ca\/?p=11398"},"modified":"2016-04-08T17:41:49","modified_gmt":"2016-04-08T15:41:49","slug":"foment-torisme-val-daran-presenta-la-seva-memoria-daccions-de-lany-2015-i-el-seu-pla-2016-2020","status":"publish","type":"post","link":"https:\/\/www.conselharan.org\/ca\/foment-torisme-val-daran-presenta-la-seva-memoria-daccions-de-lany-2015-i-el-seu-pla-2016-2020\/","title":{"rendered":"Foment Torisme Val d\u2019Aran presenta la seva mem\u00f2ria d\u2019accions de l\u2019any 2015 i el seu Pla 2016-2020"},"content":{"rendered":"<p><strong>L&#8217;any 2015, la destinaci\u00f3 de Catalunya que m\u00e9s va cr\u00e9ixer tur\u00edsticament va ser la Val d\u2019Aran<\/strong><\/p>\n<p><strong>Ha registrat un augment del 4,75% en viatgers i d&#8217;un 8,78% de pernoctacions respecte al 2014.<\/strong><\/p>\n<p>&nbsp;<\/p>\n<p><a href=\"http:\/\/www.conselharan.org\/wp-content\/uploads\/2016\/04\/DSC_0015.jpg\"><img loading=\"lazy\" decoding=\"async\" class=\"aligncenter size-large wp-image-11395\" src=\"http:\/\/www.conselharan.org\/wp-content\/uploads\/2016\/04\/DSC_0015-1024x585.jpg\" alt=\"DSC_0015\" width=\"1024\" height=\"585\" srcset=\"https:\/\/www.conselharan.org\/wp-content\/uploads\/2016\/04\/DSC_0015-1024x585.jpg 1024w, https:\/\/www.conselharan.org\/wp-content\/uploads\/2016\/04\/DSC_0015-300x171.jpg 300w, https:\/\/www.conselharan.org\/wp-content\/uploads\/2016\/04\/DSC_0015-305x175.jpg 305w\" sizes=\"(max-width: 1024px) 100vw, 1024px\" \/><\/a><\/p>\n<p>El patronat de turisme de la Val d\u2019Aran, <strong>Foment Torisme Val d\u2019Aran (FTVA)<\/strong>, ha presentat la mem\u00f2ria sobre les accions dutes a terme durant l&#8217;exercici 2015. En aquest acte, la conselh\u00e8ra de Turisme i Desenvolupament Econ\u00f2mic d&#8217;Aran,<strong> Anna D\u00edaz<\/strong>, a realitzat una revisi\u00f3 de totes les mesures realitzades per FTVA durant el 2015.<\/p>\n<p>En paraules de la conselh\u00e8ra de Turisme i Desenvolupament Econ\u00f2mic d&#8217;Aran,<strong> Anna D\u00edaz \u201cl&#8217;objectiu \u00e9s mostrar totes aquelles accions i iniciatives dutes a terme en mat\u00e8ria de promoci\u00f3 i comercialitzaci\u00f3. Des del Gov\u00e8rn d&#8217;Aran no es concep una pol\u00edtica tur\u00edstica sense la participaci\u00f3 ni la coordinaci\u00f3 entre el sector p\u00fablic i privat. D&#8217;aquesta manera \u00e9s m\u00e9s eficient i efica\u00e7 i, per tant, es pot fer m\u00e9s amb menys recursos\u201d.<\/strong><\/p>\n<p>L&#8217;any 2015, la destinaci\u00f3 de Catalunya que m\u00e9s va cr\u00e9ixer tur\u00edsticament va ser la Val d\u2019Aran, sent la destinaci\u00f3 triada per <strong>m\u00e9s de 221.010 viatgers<\/strong> allotjats en establiments hotelers, <strong>un 4,75% m\u00e9s que l&#8217;any 2014<\/strong>, que va generar <strong>m\u00e9s de 660.000<\/strong> pernoctacions, <strong>un 8,78% m\u00e9s que l&#8217;any anterior.<\/strong><\/p>\n<p>El turisme estranger ha representat l&#8217;any 2015 el 22% de la demanda de la Val d\u2019Aran, aquesta tend\u00e8ncia \u00e9s el resultat de l&#8217;esfor\u00e7 realitzat per FTVA en la promoci\u00f3 de la destinaci\u00f3 al mercat estranger.<\/p>\n<p>Quant al servei d&#8217;informaci\u00f3 i acollida del visitant, les oficines de turisme van atendre a m\u00e9s de 57.000 turistes, el 89% d&#8217;ells en l&#8217;oficina de turisme de Vielha. Sumant els altres punts d&#8217;informaci\u00f3 tur\u00edstica oberts temporalment, la xifra total de visitants atesos ascendeix a 68.590 persones.<\/p>\n<p>Referent a l&#8217;acci\u00f3 de m\u00e0rqueting es va assentar en tres pilars: comercialitzaci\u00f3, promoci\u00f3 i comunicaci\u00f3. La inversi\u00f3 publicit\u00e0ria en mitjans convencionals es va reduir a favor de la pres\u00e8ncia on-line, destacant importants campanyes en ag\u00e8ncies i xarxes socials. Noves edicions de material impr\u00e8s; la participaci\u00f3 en accions de promoci\u00f3 en col\u2022laboraci\u00f3 amb l&#8217;Ag\u00e8ncia Catalana de Turisme, el Patronat de Turisme de Lleida i la plataforma Pirineus; l&#8217;adhesi\u00f3 a la plataforma Catalunya Convention Bureau i a la Barcelona Film Commission; IDAPA; l&#8217;assist\u00e8ncia a fires, jornades i viatges de receptiu; les diverses accions de promoci\u00f3 al p\u00fablic final i la promoci\u00f3 del comer\u00e7 i la formaci\u00f3 van formar part de la les accionis dutes a terme al llarg de l&#8217;any.<\/p>\n<p>El pressupost destinat a turisme durant el 2015 va ser de 700 mil euros.<\/p>\n<p>La Val d\u2019Aran va acollir durant el 2015 a equips esportius d&#8217;elit que van realitzar el seu \u201cstage\u201d per preparar la temporada, a m\u00e9s, la Val d\u2019Aran, destaca per oferir un ampli ventall d&#8217;activitats dirigides al turisme familiar. El certificat Biosphere Destination, de mans de la UNESCO i de l&#8217;Organitzaci\u00f3 Mundial de Turisme, reconeix el treball que es realitza des de la Val d\u2019Aran en favor d&#8217;una gesti\u00f3 responsable i sostenible del Turisme.<\/p>\n<p>D&#8217;aquesta manera, es converteix en la primera destinaci\u00f3 de muntanya a obtenir-ho.<\/p>\n<p>Les principals destinacions d&#8217;origen segueixen sent Catalunya, Madrid, Pa\u00eds Basc i Val\u00e8ncia. Els visitants francesos s\u00f3n els principals visitants estrangers per\u00f2 amb un augment considerable de turistes que provenen de Gran Bretanya, aix\u00ed com d&#8217;altres pa\u00efsos com Israel o R\u00fassia.<\/p>\n<p>&nbsp;<\/p>\n<p><a href=\"http:\/\/www.conselharan.org\/wp-content\/uploads\/2016\/04\/DSC_0002.jpg\"><img loading=\"lazy\" decoding=\"async\" class=\"aligncenter size-large wp-image-11396\" src=\"http:\/\/www.conselharan.org\/wp-content\/uploads\/2016\/04\/DSC_0002-1024x570.jpg\" alt=\"DSC_0002\" width=\"1024\" height=\"570\" srcset=\"https:\/\/www.conselharan.org\/wp-content\/uploads\/2016\/04\/DSC_0002-1024x570.jpg 1024w, https:\/\/www.conselharan.org\/wp-content\/uploads\/2016\/04\/DSC_0002-300x167.jpg 300w\" sizes=\"(max-width: 1024px) 100vw, 1024px\" \/><\/a><\/p>\n<p>&nbsp;<\/p>\n<p><strong>Pla estrat\u00e8gic 2016-2020<\/strong><\/p>\n<p>Tamb\u00e9 s&#8217;ha presentat el Pla Estrat\u00e8gic 2016- 2020 on el programa de M\u00e0rqueting \u00e9s el que presenta m\u00e9s accions considerades amb necessitat de continuaci\u00f3, les m\u00e9s rellevants s\u00f3n les de promoci\u00f3, desestacionalitzaci\u00f3 i imatge de marca. Del programa de serveis en destinaci\u00f3 destaquen les accions de qualitat i sostenibilitat, intel\u2022lig\u00e8ncia tur\u00edstica i creaci\u00f3 de producte.<\/p>\n<p>La conselh\u00e8ra, <strong>Anna D\u00edaz,<\/strong> ha subratllat <strong>\u201cla marca Val d\u2019Aran \u00e9s una marca de tots, s&#8217;est\u00e0 potenciant, est\u00e0 funcionant i est\u00e0 molt b\u00e9 vinculada i posicionada. Hem dissenyat un pla de gesti\u00f3 \u00f2ptim per poder treure el m\u00e0xim rendiment i rendibilitat i poder veure-ho reflectit en el turisme del nostre pa\u00eds. Intentarem mantenir els nostres mercats i incrementar uns altres que comencen a venir\u201d.<\/strong><\/p>\n<p>&nbsp;<\/p>\n<p>Vielha, 8 d&#8217;abril de 2016<\/p>\n<p>&nbsp;<\/p>\n<p><em>Conselh Generau d&#8217;Aran: N\u00faria Sanjuan<\/em><\/p>\n ","protected":false},"excerpt":{"rendered":"<p>L&#8217;any 2015, la destinaci\u00f3 de Catalunya que m\u00e9s va cr\u00e9ixer tur\u00edsticament va ser la Val d\u2019Aran Ha registrat un augment del 4,75% en viatgers i d&#8217;un 8,78% de pernoctacions respecte al 2014. &nbsp; El patronat de turisme de la Val d\u2019Aran, Foment Torisme Val d\u2019Aran (FTVA), ha presentat la mem\u00f2ria sobre les accions dutes a&#8230;<\/p>\n","protected":false},"author":2,"featured_media":11395,"comment_status":"closed","ping_status":"closed","sticky":false,"template":"","format":"standard","meta":{"footnotes":""},"categories":[53],"tags":[],"_links":{"self":[{"href":"https:\/\/www.conselharan.org\/ca\/wp-json\/wp\/v2\/posts\/11398"}],"collection":[{"href":"https:\/\/www.conselharan.org\/ca\/wp-json\/wp\/v2\/posts"}],"about":[{"href":"https:\/\/www.conselharan.org\/ca\/wp-json\/wp\/v2\/types\/post"}],"author":[{"embeddable":true,"href":"https:\/\/www.conselharan.org\/ca\/wp-json\/wp\/v2\/users\/2"}],"replies":[{"embeddable":true,"href":"https:\/\/www.conselharan.org\/ca\/wp-json\/wp\/v2\/comments?post=11398"}],"version-history":[{"count":1,"href":"https:\/\/www.conselharan.org\/ca\/wp-json\/wp\/v2\/posts\/11398\/revisions"}],"predecessor-version":[{"id":11401,"href":"https:\/\/www.conselharan.org\/ca\/wp-json\/wp\/v2\/posts\/11398\/revisions\/11401"}],"wp:featuredmedia":[{"embeddable":true,"href":"https:\/\/www.conselharan.org\/ca\/wp-json\/wp\/v2\/media\/11395"}],"wp:attachment":[{"href":"https:\/\/www.conselharan.org\/ca\/wp-json\/wp\/v2\/media?parent=11398"}],"wp:term":[{"taxonomy":"category","embeddable":true,"href":"https:\/\/www.conselharan.org\/ca\/wp-json\/wp\/v2\/categories?post=11398"},{"taxonomy":"post_tag","embeddable":true,"href":"https:\/\/www.conselharan.org\/ca\/wp-json\/wp\/v2\/tags?post=11398"}],"curies":[{"name":"wp","href":"https:\/\/api.w.org\/{rel}","templated":true}]}}