{"id":11411,"date":"2016-04-11T12:00:46","date_gmt":"2016-04-11T10:00:46","guid":{"rendered":"http:\/\/www.conselharan.org\/ca\/?p=11411"},"modified":"2016-04-11T12:00:54","modified_gmt":"2016-04-11T10:00:54","slug":"conferencia-els-colors-de-les-papallones","status":"publish","type":"post","link":"https:\/\/www.conselharan.org\/ca\/conferencia-els-colors-de-les-papallones\/","title":{"rendered":"Confer\u00e8ncia \u201cEls colors de les papallones\u201d"},"content":{"rendered":"<p>\u2022<strong> La confer\u00e8ncia anir\u00e0 a c\u00e0rrec de Joan Condal i ser\u00e0 el dimecres, dia 13 d\u2019abril a les 17:00 hores en la Resid\u00e8ncia Sant Antoni de Vielha.<\/strong><\/p>\n<p>&nbsp;<\/p>\n<p><a href=\"http:\/\/www.conselharan.org\/wp-content\/uploads\/2016\/04\/conferencia_parpalholes_16.jpg\"><img loading=\"lazy\" decoding=\"async\" class=\"aligncenter size-large wp-image-11408\" src=\"http:\/\/www.conselharan.org\/wp-content\/uploads\/2016\/04\/conferencia_parpalholes_16-768x1024.jpg\" alt=\"conferencia_parpalholes_16\" width=\"768\" height=\"1024\" srcset=\"https:\/\/www.conselharan.org\/wp-content\/uploads\/2016\/04\/conferencia_parpalholes_16-768x1024.jpg 768w, https:\/\/www.conselharan.org\/wp-content\/uploads\/2016\/04\/conferencia_parpalholes_16-225x300.jpg 225w\" sizes=\"(max-width: 768px) 100vw, 768px\" \/><\/a><\/p>\n<p>&nbsp;<\/p>\n<p>El Departament d\u2019Agricultura, Ramaderia i Medi Natural d\u2019Aran ha organitzat la confer\u00e8ncia \u201c<strong>Els colors de les papallones\u201d<\/strong> a c\u00e0rrec de<strong> Joan Condal<\/strong>. L&#8217;acte tindr\u00e0 lloc aquest dimecres, 13 d\u2019abril, a les 17:00 hores a l&#8217;auditori de la Resid\u00e8ncia Sant Antoni de Vielha.<\/p>\n<p>Des de l&#8217;any 1994 Joan Condal ofereix activitats culturals, exposicions i confer\u00e8ncies, a entitats i ajuntaments. Actualment s\u00f3n ja m\u00e9s de tres-centes les exposicions fetes pels diferents pobles de Catalunya. En aquest temps s\u2019ha apropat a petits i a grans, amb les experi\u00e8ncies viscudes en els viatges d\u2019aventura i, amb tots ells, ha descobert el m\u00f3n silenci\u00f3s de les papallones, les t\u00e8cniques i secrets de les diorames i el proc\u00e9s creatiu del m\u00f3n de l&#8217;artista.<\/p>\n<p>Aprofitant el pas de Joan Condal per les escoles de la Val d\u2019Aran, s\u2019ofereix aquesta confer\u00e8ncia a tots els p\u00fablics. La confer\u00e8ncia apropa a les persones el cicle biol\u00f2gic de les papallones des de la seva fase larv\u00e0ria a la fase adulta, descobrint aspectes curiosos d\u2019aquests insectes. El perqu\u00e8 d\u2019aquests colors. Qu\u00e8 s\u00f3n?. Tenen els mateixos colors mascles i femelles?. Els colors s\u00f3n els mateixos davant i darrere de les ales?&#8230;.Tot aix\u00f2 explicat amb una presentaci\u00f3 de diapositives i caixes entomol\u00f2giques.<\/p>\n<p>&nbsp;<\/p>\n<p>&nbsp;<\/p>\n<p>Vielha, 11 d&#8217;abril de 2016<\/p>\n<p>&nbsp;<\/p>\n<p><em>Conselh Generau d&#8217;Aran: N\u00faria Sanjuan<\/em><\/p>\n ","protected":false},"excerpt":{"rendered":"<p>\u2022 La confer\u00e8ncia anir\u00e0 a c\u00e0rrec de Joan Condal i ser\u00e0 el dimecres, dia 13 d\u2019abril a les 17:00 hores en la Resid\u00e8ncia Sant Antoni de Vielha. &nbsp; &nbsp; El Departament d\u2019Agricultura, Ramaderia i Medi Natural d\u2019Aran ha organitzat la confer\u00e8ncia \u201cEls colors de les papallones\u201d a c\u00e0rrec de Joan Condal. L&#8217;acte tindr\u00e0 lloc aquest&#8230;<\/p>\n","protected":false},"author":2,"featured_media":11409,"comment_status":"closed","ping_status":"closed","sticky":false,"template":"","format":"standard","meta":{"footnotes":""},"categories":[33],"tags":[],"_links":{"self":[{"href":"https:\/\/www.conselharan.org\/ca\/wp-json\/wp\/v2\/posts\/11411"}],"collection":[{"href":"https:\/\/www.conselharan.org\/ca\/wp-json\/wp\/v2\/posts"}],"about":[{"href":"https:\/\/www.conselharan.org\/ca\/wp-json\/wp\/v2\/types\/post"}],"author":[{"embeddable":true,"href":"https:\/\/www.conselharan.org\/ca\/wp-json\/wp\/v2\/users\/2"}],"replies":[{"embeddable":true,"href":"https:\/\/www.conselharan.org\/ca\/wp-json\/wp\/v2\/comments?post=11411"}],"version-history":[{"count":1,"href":"https:\/\/www.conselharan.org\/ca\/wp-json\/wp\/v2\/posts\/11411\/revisions"}],"predecessor-version":[{"id":11412,"href":"https:\/\/www.conselharan.org\/ca\/wp-json\/wp\/v2\/posts\/11411\/revisions\/11412"}],"wp:featuredmedia":[{"embeddable":true,"href":"https:\/\/www.conselharan.org\/ca\/wp-json\/wp\/v2\/media\/11409"}],"wp:attachment":[{"href":"https:\/\/www.conselharan.org\/ca\/wp-json\/wp\/v2\/media?parent=11411"}],"wp:term":[{"taxonomy":"category","embeddable":true,"href":"https:\/\/www.conselharan.org\/ca\/wp-json\/wp\/v2\/categories?post=11411"},{"taxonomy":"post_tag","embeddable":true,"href":"https:\/\/www.conselharan.org\/ca\/wp-json\/wp\/v2\/tags?post=11411"}],"curies":[{"name":"wp","href":"https:\/\/api.w.org\/{rel}","templated":true}]}}