{"id":11423,"date":"2016-04-11T12:43:34","date_gmt":"2016-04-11T10:43:34","guid":{"rendered":"http:\/\/www.conselharan.org\/ca\/?p=11423"},"modified":"2016-04-11T12:44:34","modified_gmt":"2016-04-11T10:44:34","slug":"esplendid-concert-de-lorquestra-infantil-de-les-terres-de-lleida-a-santa-maria-de-mijaran","status":"publish","type":"post","link":"https:\/\/www.conselharan.org\/ca\/esplendid-concert-de-lorquestra-infantil-de-les-terres-de-lleida-a-santa-maria-de-mijaran\/","title":{"rendered":"Espl\u00e8ndid concert de l\u2019Orquestra Infantil de les Terres de Lleida a Santa Maria de Mijaran"},"content":{"rendered":"<p>Vielha 11 d\u2019abril de 2016.- Ahir diumenge al migdia, l\u2019Orquestra Infantil de les Terres de Lleida va oferir un concert a l\u2019esgl\u00e9sia de Santa Maria de Mijaran plena de gom a gom, per escoltar les interpretacions musicals d\u2019aquests joves m\u00fasics, que v\u00e0ren comptar a m\u00e9s amb la participaci\u00f3 de la Coral Margalida de Boss\u00f2st a l\u2019hora d\u2019interpretar Montanhes araneses, himne de la Val d\u2019Aran.<\/p>\n<p>El concert que va ser tot un \u00e8xit, va incloure interpretacions a c\u00e0rrec de l\u2019orquestra simf\u00f2nica, per continuar amb bandes sonores de pel\u00b7l\u00edcules interpretades per l\u2019orquestra d\u2019acordions, i finalitzar tots junts acompanyats de la Coral Margalida, interpretant fins a en tres ocasions diferents versions de Montanhes araneses.<\/p>\n<p>L\u2019Orquestra Infantil de les Terres de Lleida, dirigida per <strong>S\u00f2nia Peir\u00f3<\/strong> i <strong>Albert Gum\u00ed<\/strong>, va ser creada durant el curs escolar 2011\/2012 a partir de l\u2019estreta col\u00b7laboraci\u00f3 entre el Conservatori Professional de M\u00fasics de Cervera i de l\u2019Escola Municipal de M\u00fasica de Ponts, amb la participaci\u00f3 tamb\u00e9 de les escoles municipals de m\u00fasica de Bellpuig, Guissona, Oliana, Solsona, T\u00e0rrega, Agramunt i Mollerussa.<\/p>\n<p>Fins la Val d\u2019Aran es van despla\u00e7ar 98 joves m\u00fasics integrants de l\u2019Orquestra Infantil de les Terres de Lleida.<\/p>\n<p><a href=\"http:\/\/www.conselharan.org\/wp-content\/uploads\/2016\/04\/13001270_1026670764084125_2278657702386338367_n.jpg\"><img loading=\"lazy\" decoding=\"async\" class=\"aligncenter size-full wp-image-11417\" src=\"http:\/\/www.conselharan.org\/wp-content\/uploads\/2016\/04\/13001270_1026670764084125_2278657702386338367_n.jpg\" alt=\"13001270_1026670764084125_2278657702386338367_n\" width=\"960\" height=\"720\" srcset=\"https:\/\/www.conselharan.org\/wp-content\/uploads\/2016\/04\/13001270_1026670764084125_2278657702386338367_n.jpg 960w, https:\/\/www.conselharan.org\/wp-content\/uploads\/2016\/04\/13001270_1026670764084125_2278657702386338367_n-300x225.jpg 300w\" sizes=\"(max-width: 960px) 100vw, 960px\" \/><\/a> <a href=\"http:\/\/www.conselharan.org\/wp-content\/uploads\/2016\/04\/12990924_1026670884084113_1696790857438877165_n.jpg\"><img loading=\"lazy\" decoding=\"async\" class=\"aligncenter size-full wp-image-11418\" src=\"http:\/\/www.conselharan.org\/wp-content\/uploads\/2016\/04\/12990924_1026670884084113_1696790857438877165_n.jpg\" alt=\"12990924_1026670884084113_1696790857438877165_n\" width=\"960\" height=\"720\" srcset=\"https:\/\/www.conselharan.org\/wp-content\/uploads\/2016\/04\/12990924_1026670884084113_1696790857438877165_n.jpg 960w, https:\/\/www.conselharan.org\/wp-content\/uploads\/2016\/04\/12990924_1026670884084113_1696790857438877165_n-300x225.jpg 300w\" sizes=\"(max-width: 960px) 100vw, 960px\" \/><\/a> <a href=\"http:\/\/www.conselharan.org\/wp-content\/uploads\/2016\/04\/12112514_1026670804084121_2585600136683171269_n.jpg\"><img loading=\"lazy\" decoding=\"async\" class=\"aligncenter size-full wp-image-11419\" src=\"http:\/\/www.conselharan.org\/wp-content\/uploads\/2016\/04\/12112514_1026670804084121_2585600136683171269_n.jpg\" alt=\"12112514_1026670804084121_2585600136683171269_n\" width=\"960\" height=\"720\" srcset=\"https:\/\/www.conselharan.org\/wp-content\/uploads\/2016\/04\/12112514_1026670804084121_2585600136683171269_n.jpg 960w, https:\/\/www.conselharan.org\/wp-content\/uploads\/2016\/04\/12112514_1026670804084121_2585600136683171269_n-300x225.jpg 300w\" sizes=\"(max-width: 960px) 100vw, 960px\" \/><\/a><\/p>\n ","protected":false},"excerpt":{"rendered":"<p>Vielha 11 d\u2019abril de 2016.- Ahir diumenge al migdia, l\u2019Orquestra Infantil de les Terres de Lleida va oferir un concert a l\u2019esgl\u00e9sia de Santa Maria de Mijaran plena de gom a gom, per escoltar les interpretacions musicals d\u2019aquests joves m\u00fasics, que v\u00e0ren comptar a m\u00e9s amb la participaci\u00f3 de la Coral Margalida de Boss\u00f2st a&#8230;<\/p>\n","protected":false},"author":2,"featured_media":11417,"comment_status":"closed","ping_status":"closed","sticky":false,"template":"","format":"standard","meta":{"footnotes":""},"categories":[33],"tags":[],"_links":{"self":[{"href":"https:\/\/www.conselharan.org\/ca\/wp-json\/wp\/v2\/posts\/11423"}],"collection":[{"href":"https:\/\/www.conselharan.org\/ca\/wp-json\/wp\/v2\/posts"}],"about":[{"href":"https:\/\/www.conselharan.org\/ca\/wp-json\/wp\/v2\/types\/post"}],"author":[{"embeddable":true,"href":"https:\/\/www.conselharan.org\/ca\/wp-json\/wp\/v2\/users\/2"}],"replies":[{"embeddable":true,"href":"https:\/\/www.conselharan.org\/ca\/wp-json\/wp\/v2\/comments?post=11423"}],"version-history":[{"count":2,"href":"https:\/\/www.conselharan.org\/ca\/wp-json\/wp\/v2\/posts\/11423\/revisions"}],"predecessor-version":[{"id":11425,"href":"https:\/\/www.conselharan.org\/ca\/wp-json\/wp\/v2\/posts\/11423\/revisions\/11425"}],"wp:featuredmedia":[{"embeddable":true,"href":"https:\/\/www.conselharan.org\/ca\/wp-json\/wp\/v2\/media\/11417"}],"wp:attachment":[{"href":"https:\/\/www.conselharan.org\/ca\/wp-json\/wp\/v2\/media?parent=11423"}],"wp:term":[{"taxonomy":"category","embeddable":true,"href":"https:\/\/www.conselharan.org\/ca\/wp-json\/wp\/v2\/categories?post=11423"},{"taxonomy":"post_tag","embeddable":true,"href":"https:\/\/www.conselharan.org\/ca\/wp-json\/wp\/v2\/tags?post=11423"}],"curies":[{"name":"wp","href":"https:\/\/api.w.org\/{rel}","templated":true}]}}