{"id":11439,"date":"2016-04-12T14:12:23","date_gmt":"2016-04-12T12:12:23","guid":{"rendered":"http:\/\/www.conselharan.org\/ca\/?p=11439"},"modified":"2016-04-12T14:14:47","modified_gmt":"2016-04-12T12:14:47","slug":"presentacio-de-lequip-internacional-massi-kuwait-cycling-project-on-competeix-laranes-ruben-caseny","status":"publish","type":"post","link":"https:\/\/www.conselharan.org\/ca\/presentacio-de-lequip-internacional-massi-kuwait-cycling-project-on-competeix-laranes-ruben-caseny\/","title":{"rendered":"Presentaci\u00f3 de l\u2019equip internacional Massi- Kuwait Cycling Project, on competeix l\u2019aran\u00e8s Ruben Caseny"},"content":{"rendered":"<p><strong>El Conselh Generau d&#8217;Aran, Torisme Val d&#8217;Aran i l&#8217;Ajuntament de Naut Aran segueixen recolzant i fomentant l&#8217;esport d&#8217;elit.<\/strong><\/p>\n<p><strong>L&#8217;aran\u00e8s, Ruben Caseny, competir\u00e0 amb l&#8217;equip internacional MASSI- KUWAIT CYCLING PROJECT.<\/strong><\/p>\n<p>&nbsp;<\/p>\n<p><a href=\"http:\/\/www.conselharan.org\/wp-content\/uploads\/2016\/04\/massi-kuwait-cycling-project.jpg\"><img loading=\"lazy\" decoding=\"async\" class=\"aligncenter size-large wp-image-11436\" src=\"http:\/\/www.conselharan.org\/wp-content\/uploads\/2016\/04\/massi-kuwait-cycling-project-1024x498.jpg\" alt=\"massi kuwait cycling project\" width=\"1024\" height=\"498\" srcset=\"https:\/\/www.conselharan.org\/wp-content\/uploads\/2016\/04\/massi-kuwait-cycling-project-1024x498.jpg 1024w, https:\/\/www.conselharan.org\/wp-content\/uploads\/2016\/04\/massi-kuwait-cycling-project-300x146.jpg 300w, https:\/\/www.conselharan.org\/wp-content\/uploads\/2016\/04\/massi-kuwait-cycling-project.jpg 1502w\" sizes=\"(max-width: 1024px) 100vw, 1024px\" \/><\/a><\/p>\n<p>&nbsp;<\/p>\n<p>Avui s\u2019ha presentat a la seu de MASSI a Granollers el nou equip <strong>MASSI- KUWAIT CYCLING PROJECT<\/strong>, equip continental UCI (Uni\u00f3 Ciclista Internacional), en el qual competeix l&#8217;aran\u00e8s, <strong>Ruben Caseny<\/strong>. La presentaci\u00f3 ha comptat amb la pres\u00e8ncia del vicesindic d\u2019Aran i conselh\u00e8r d\u2019Esports, <strong>Luis Carlos Medina<\/strong> i de la conselh\u00e8ra de Turisme i Desenvolupament Econ\u00f2mic d\u2019Aran, <strong>Anna D\u00edaz<\/strong>.<\/p>\n<p>Les institucions araneses (Conselh Generau d\u2019Aran, Torisme Val d\u2019Aran i Ajuntament de Naut Aran) al costat de la marca catalana de bicicletes MASSI, han estat una pe\u00e7a clau en la creaci\u00f3 d&#8217;aquest equip, per haver assessorat i recolzat a la \u201cFederaci\u00f3 de ciclisme de Kuwait\u201d en la creaci\u00f3 d&#8217;aquest nou projecte.<\/p>\n<p>L&#8217;equip tindr\u00e0 la seva seu a Kuwait, pa\u00eds que vol invertir i apostar pel ciclisme amb un projecte a llarg termini, per\u00f2 comptar\u00e0 amb un segon bloc a Aran que garanteixi la incorporaci\u00f3 al ciclisme professional de corredors aranesos i catalans. Aquest equip ja va competir en aquesta categoria l&#8217;any passat, per\u00f2 aquest any es renova i s&#8217;ha refor\u00e7at amb nous patrocinadors i corredors europeus que aportaran la seva experi\u00e8ncia i coneixements.<\/p>\n<p>&nbsp;<\/p>\n<p><a href=\"http:\/\/www.conselharan.org\/wp-content\/uploads\/2016\/04\/massi-kuwait-cycling-project2.jpg\"><img loading=\"lazy\" decoding=\"async\" class=\"aligncenter size-large wp-image-11437\" src=\"http:\/\/www.conselharan.org\/wp-content\/uploads\/2016\/04\/massi-kuwait-cycling-project2-1024x706.jpg\" alt=\"massi kuwait cycling project2\" width=\"1024\" height=\"706\" srcset=\"https:\/\/www.conselharan.org\/wp-content\/uploads\/2016\/04\/massi-kuwait-cycling-project2-1024x706.jpg 1024w, https:\/\/www.conselharan.org\/wp-content\/uploads\/2016\/04\/massi-kuwait-cycling-project2-300x207.jpg 300w, https:\/\/www.conselharan.org\/wp-content\/uploads\/2016\/04\/massi-kuwait-cycling-project2.jpg 1240w\" sizes=\"(max-width: 1024px) 100vw, 1024px\" \/><\/a><\/p>\n<p>&nbsp;<\/p>\n<p>El bloc europeu estar\u00e0 integrat, a m\u00e9s de l&#8217;aran\u00e8s <strong>Ruben Caseny<\/strong>, pel lleidat\u00e0 <strong>Marc Vilanova<\/strong>, l&#8217;alacant\u00ed <strong>Axel Costa<\/strong> i l&#8217;alemany <strong>Andreas Keuser<\/strong>, i altres europeus que competiran principalment en carreres de la pen\u00ednsula i Europa Occidental. El bloc amb seu a Kuwait afrontar\u00e0 les competicions del Golf P\u00e8rsic, \u00c0sia i Europa de l&#8217;Est.<\/p>\n<p><strong>Ruben Caseny<\/strong>, va signar un conveni amb el Conselh Generau d\u2019Aran per promoure la destinaci\u00f3 tur\u00edstica esportiva Val d\u2019Aran pel m\u00f3n, representada en la imatge i en els valors del ciclista. \u201c<strong>Qui millor que els nostres joves esportistes professionals aranesos per representar el nostre pa\u00eds i el sentiment d&#8217;identitat\u201d<\/strong> va manifestar <strong>Carlos Barrera<\/strong>, sindic d&#8217;Aran.<\/p>\n<p>&nbsp;<\/p>\n<p>&nbsp;<\/p>\n<p>Vielha, 12 d&#8217;abril de 2016<\/p>\n<p>&nbsp;<\/p>\n<p><em>Conselh Generau d&#8217;Aran: N\u00faria Sanjuan<\/em><\/p>\n<p><em>Font: MASSI-KUWAIT CYCLING PROJECT<\/em><\/p>\n ","protected":false},"excerpt":{"rendered":"<p>El Conselh Generau d&#8217;Aran, Torisme Val d&#8217;Aran i l&#8217;Ajuntament de Naut Aran segueixen recolzant i fomentant l&#8217;esport d&#8217;elit. L&#8217;aran\u00e8s, Ruben Caseny, competir\u00e0 amb l&#8217;equip internacional MASSI- KUWAIT CYCLING PROJECT. &nbsp; &nbsp; Avui s\u2019ha presentat a la seu de MASSI a Granollers el nou equip MASSI- KUWAIT CYCLING PROJECT, equip continental UCI (Uni\u00f3 Ciclista Internacional), en&#8230;<\/p>\n","protected":false},"author":2,"featured_media":11436,"comment_status":"closed","ping_status":"closed","sticky":false,"template":"","format":"standard","meta":{"footnotes":""},"categories":[33],"tags":[],"_links":{"self":[{"href":"https:\/\/www.conselharan.org\/ca\/wp-json\/wp\/v2\/posts\/11439"}],"collection":[{"href":"https:\/\/www.conselharan.org\/ca\/wp-json\/wp\/v2\/posts"}],"about":[{"href":"https:\/\/www.conselharan.org\/ca\/wp-json\/wp\/v2\/types\/post"}],"author":[{"embeddable":true,"href":"https:\/\/www.conselharan.org\/ca\/wp-json\/wp\/v2\/users\/2"}],"replies":[{"embeddable":true,"href":"https:\/\/www.conselharan.org\/ca\/wp-json\/wp\/v2\/comments?post=11439"}],"version-history":[{"count":1,"href":"https:\/\/www.conselharan.org\/ca\/wp-json\/wp\/v2\/posts\/11439\/revisions"}],"predecessor-version":[{"id":11440,"href":"https:\/\/www.conselharan.org\/ca\/wp-json\/wp\/v2\/posts\/11439\/revisions\/11440"}],"wp:featuredmedia":[{"embeddable":true,"href":"https:\/\/www.conselharan.org\/ca\/wp-json\/wp\/v2\/media\/11436"}],"wp:attachment":[{"href":"https:\/\/www.conselharan.org\/ca\/wp-json\/wp\/v2\/media?parent=11439"}],"wp:term":[{"taxonomy":"category","embeddable":true,"href":"https:\/\/www.conselharan.org\/ca\/wp-json\/wp\/v2\/categories?post=11439"},{"taxonomy":"post_tag","embeddable":true,"href":"https:\/\/www.conselharan.org\/ca\/wp-json\/wp\/v2\/tags?post=11439"}],"curies":[{"name":"wp","href":"https:\/\/api.w.org\/{rel}","templated":true}]}}