{"id":11448,"date":"2016-04-13T13:51:15","date_gmt":"2016-04-13T11:51:15","guid":{"rendered":"http:\/\/www.conselharan.org\/ca\/?p=11448"},"modified":"2016-04-13T13:51:15","modified_gmt":"2016-04-13T11:51:15","slug":"dijous-emprenedors-al-cei-val-daran","status":"publish","type":"post","link":"https:\/\/www.conselharan.org\/ca\/dijous-emprenedors-al-cei-val-daran\/","title":{"rendered":"Dijous Emprenedors al CEI Val d\u2019Aran"},"content":{"rendered":"<p>Vielha, 13 d\u2019abril de 2016.- El <strong>Conselh Generau d\u2019Aran<\/strong> oferir\u00e0 a partir d\u2019aquest mes d\u2019abril al CEI Val d\u2019Aran de Casau, un seguit de seminaris de creaci\u00f3 d\u2019empreses innovadores inclosos dins de la programaci\u00f3 dels <strong>\u201dDijous Emprenedors a la Xarxa de Centres d\u2019Empreses Innovadores\u201d.<\/strong><\/p>\n<p>Aix\u00ed, el primer dels seminaris tindr\u00e0 lloc el proper <strong>dijous 21 d\u2019abril<\/strong>, a c\u00e0rrec de <strong>David Jorba<\/strong>, formador i motivador en intel\u00b7lig\u00e8ncia emocional i PNL (Programaci\u00f3 Neuro Ling\u00fc\u00edstica). El seminari s\u2019oferir\u00e0 en dues sessions, a les 16h nivell inicial i a les 18:30h nivell avan\u00e7at, amb el t\u00edtol de <strong>\u201cCreativitat empresarial: una millor optimitzaci\u00f3 de recursos\u201d<\/strong>.<\/p>\n<p>Durant el mes de maig, el Dijous Emprenedors al CEI Val d\u2019Aran, oferiran noves propostes adre\u00e7ades a aportar coneixements sobre la gesti\u00f3 de les finances o l\u2019increment de vendes.<\/p>\n<p>Els seminaris, tenen lloc al CEI Val d\u2019Aran, Pla\u00e7a Naua, 1. 25538 Casau. Les inscripcions, que s\u00f3n gratu\u00eftes per a\u00a0 totes les persones interessades, es poden formalitzar mitjan\u00e7ant el correu: <a href=\"mailto:c.barra@aran.org\">c.barra@aran.org<\/a> o b\u00e9 trucant al Conselh Generau d\u2019Aran telf. 973 641 801.<\/p>\n<p>Els Dijous Emprenedors estan organitzats pel <strong>Conselh Generau d\u2019Aran<\/strong>, <strong>CEI Val d\u2019Aran, Diputaci\u00f3 de Lleida, GlobaLleida, i Ajuntament de Lleida<\/strong>, amb el suport del <strong>Departament d\u2019Empresa i Ocupaci\u00f3 de la Generalitat de Catalunya, Catalunya Empr\u00e8n i la Uni\u00f3 Europea <\/strong>a trav\u00e9s del<strong> Fons Social Europeu.<\/strong><\/p>\n<p><a href=\"http:\/\/www.conselharan.org\/wp-content\/uploads\/2016\/04\/dijousemprenedors_VIELHA.jpg\"><img loading=\"lazy\" decoding=\"async\" class=\"aligncenter size-large wp-image-11444\" src=\"http:\/\/www.conselharan.org\/wp-content\/uploads\/2016\/04\/dijousemprenedors_VIELHA-728x1024.jpg\" alt=\"dijousemprenedors_VIELHA\" width=\"728\" height=\"1024\" srcset=\"https:\/\/www.conselharan.org\/wp-content\/uploads\/2016\/04\/dijousemprenedors_VIELHA-728x1024.jpg 728w, https:\/\/www.conselharan.org\/wp-content\/uploads\/2016\/04\/dijousemprenedors_VIELHA-213x300.jpg 213w\" sizes=\"(max-width: 728px) 100vw, 728px\" \/><\/a><\/p>\n ","protected":false},"excerpt":{"rendered":"<p>Vielha, 13 d\u2019abril de 2016.- El Conselh Generau d\u2019Aran oferir\u00e0 a partir d\u2019aquest mes d\u2019abril al CEI Val d\u2019Aran de Casau, un seguit de seminaris de creaci\u00f3 d\u2019empreses innovadores inclosos dins de la programaci\u00f3 dels \u201dDijous Emprenedors a la Xarxa de Centres d\u2019Empreses Innovadores\u201d. Aix\u00ed, el primer dels seminaris tindr\u00e0 lloc el proper dijous 21&#8230;<\/p>\n","protected":false},"author":2,"featured_media":11447,"comment_status":"closed","ping_status":"closed","sticky":false,"template":"","format":"standard","meta":{"footnotes":""},"categories":[33],"tags":[],"_links":{"self":[{"href":"https:\/\/www.conselharan.org\/ca\/wp-json\/wp\/v2\/posts\/11448"}],"collection":[{"href":"https:\/\/www.conselharan.org\/ca\/wp-json\/wp\/v2\/posts"}],"about":[{"href":"https:\/\/www.conselharan.org\/ca\/wp-json\/wp\/v2\/types\/post"}],"author":[{"embeddable":true,"href":"https:\/\/www.conselharan.org\/ca\/wp-json\/wp\/v2\/users\/2"}],"replies":[{"embeddable":true,"href":"https:\/\/www.conselharan.org\/ca\/wp-json\/wp\/v2\/comments?post=11448"}],"version-history":[{"count":1,"href":"https:\/\/www.conselharan.org\/ca\/wp-json\/wp\/v2\/posts\/11448\/revisions"}],"predecessor-version":[{"id":11449,"href":"https:\/\/www.conselharan.org\/ca\/wp-json\/wp\/v2\/posts\/11448\/revisions\/11449"}],"wp:featuredmedia":[{"embeddable":true,"href":"https:\/\/www.conselharan.org\/ca\/wp-json\/wp\/v2\/media\/11447"}],"wp:attachment":[{"href":"https:\/\/www.conselharan.org\/ca\/wp-json\/wp\/v2\/media?parent=11448"}],"wp:term":[{"taxonomy":"category","embeddable":true,"href":"https:\/\/www.conselharan.org\/ca\/wp-json\/wp\/v2\/categories?post=11448"},{"taxonomy":"post_tag","embeddable":true,"href":"https:\/\/www.conselharan.org\/ca\/wp-json\/wp\/v2\/tags?post=11448"}],"curies":[{"name":"wp","href":"https:\/\/api.w.org\/{rel}","templated":true}]}}