{"id":11458,"date":"2016-04-14T21:04:49","date_gmt":"2016-04-14T19:04:49","guid":{"rendered":"http:\/\/www.conselharan.org\/ca\/?p=11458"},"modified":"2016-04-14T21:04:49","modified_gmt":"2016-04-14T19:04:49","slug":"el-sindic-daran-carlos-barrera-es-reuneix-amb-el-president-de-la-generalitat-de-catalunya-carles-puigdemont","status":"publish","type":"post","link":"https:\/\/www.conselharan.org\/ca\/el-sindic-daran-carlos-barrera-es-reuneix-amb-el-president-de-la-generalitat-de-catalunya-carles-puigdemont\/","title":{"rendered":"El sindic d\u2019Aran Carlos Barrera es reuneix amb el President de la Generalitat de Catalunya Carles Puigdemont"},"content":{"rendered":"<p><strong>E<\/strong><strong>l President de la Generalitat confirma la seva assist\u00e8ncia a la celebraci\u00f3 de la Festa d\u2019Aran d\u2019enguany, en motiu del 25\u00e8 aniversari de la restituci\u00f3 del Conselh Generau d\u2019Aran.<\/strong><\/p>\n<p>Barcelona, 14 d\u2019abril de 2016.- El sindic d\u2019Aran <strong>Carlos Barrera<\/strong>, s\u2019ha reunit avui amb el President de la Generalitat, <strong>Carles Puigdemont<\/strong> al Palau de la Generalitat.<\/p>\n<p>El sindic d\u2019Aran, ha explicat que durant la trobada amb el President, han\u00a0 parlat sobre el fet que quan el Parlament i el Govern de la Generalitat aix\u00ed ho decideixin, la Val d\u2019Aran participar\u00e0 en el grup d\u2019experts que haur\u00e0 d\u2019elaborar els continguts de la nova constituci\u00f3 catalana, per tal de buscar l\u2019encaix de la realitat i la personalitat de l\u2019Aran, que \u00e9s el qu\u00e8 <strong>segons ha afirmat el sindic d\u2019Aran Carlos Barrera<em>, \u201cens donar\u00e0 a la Val d\u2019Aran el reconeixement identitari i de Pa\u00eds\u201d<\/em>.<\/strong><\/p>\n<p><a href=\"http:\/\/www.conselharan.org\/wp-content\/uploads\/2016\/04\/Ruben-Moreno-00339.jpg\"><img loading=\"lazy\" decoding=\"async\" class=\"aligncenter size-large wp-image-11454\" src=\"http:\/\/www.conselharan.org\/wp-content\/uploads\/2016\/04\/Ruben-Moreno-00339-1024x683.jpg\" alt=\"Ruben Moreno 00339\" width=\"1024\" height=\"683\" srcset=\"https:\/\/www.conselharan.org\/wp-content\/uploads\/2016\/04\/Ruben-Moreno-00339-1024x683.jpg 1024w, https:\/\/www.conselharan.org\/wp-content\/uploads\/2016\/04\/Ruben-Moreno-00339-300x200.jpg 300w\" sizes=\"(max-width: 1024px) 100vw, 1024px\" \/><\/a><\/p>\n<p>Per altra banda, Barrera ha explicat que s\u2019impulsar\u00e0 la Comissi\u00f3 bilateral entre el Govern de la Generalitat i el Conselh Generau d\u2019Aran, per fer el seguiment de les demanes del Gov\u00e8rn d\u2019Aran com s\u00f3n el trasp\u00e0s de compet\u00e8ncies i les ampliacions de finan\u00e7ament de les mateixes, i que amb l\u2019aprovaci\u00f3 dels pressupostos de la Generalitat al Parlament de Catalunya, tamb\u00e9 s\u2019ha d\u2019aprovar els pressupostos del Conselh Generau d\u2019Aran, tal com preveu la Nova Llei d\u2019Aran. Un pressupostos que per l\u2019exercici 2016 han de ser de 22.600.196,50\u20ac, a banda del finan\u00e7ament del fons de cooperaci\u00f3 i dels diferents convenis que es puguin establir amb els departaments de la Generalitat de Catalunya, ja que aix\u00f2 \u00e9s el que ara mateix el Conselh Generau d\u2019Aran t\u00e9 assolit per traspassos de compet\u00e8ncies.<\/p>\n<p>El sindic Barrera, ha informat al President Puigdemont que tamb\u00e9 s\u2019haur\u00e0 de negociar el pagament per part del Govern de la Generalitat del deute de 3\u20198 milions d\u2019euros que va provocar la no actualitzaci\u00f3 del finan\u00e7ament del Conselh Generau d\u2019Aran entre els anys 2007 i 2011. I que en aquest mateix per\u00edode va quedar pendent una inversi\u00f3 en infraestructures de 2.169.335\u20ac que, en el moment en que les finances del Govern de la Generalitat ho permetin, seran recuperats per a inversions d\u2019aquest tipus a la Val d\u2019Aran.<\/p>\n<p>Durant la trobada, <strong>el sindic d\u2019Aran ha explicat al President<\/strong> <strong>que<\/strong> <strong>una de les prioritats del Gov\u00e8rn d\u2019Aran, \u00e9s la construcci\u00f3 d\u2019una nova resid\u00e8ncia geri\u00e0trica a la Val d\u2019Aran<\/strong>, i que per tal de tirar endavant aquest projecte, el Conselh Generau d\u2019Aran n\u2019assumir\u00e0 la construcci\u00f3, mentre que Puigdemont ha confirmat que el Govern de la Generalitat es far\u00e0 c\u00e0rrec del finan\u00e7ament de 20 places.<\/p>\n<p>En un altre ordre de coses, el President de la Generalitat li ha confirmat al sindic Barrera, la seva assist\u00e8ncia a la celebraci\u00f3 de la Festa d\u2019Aran d\u2019enguany, en motiu del <strong>25\u00e8 aniversari de la restituci\u00f3 del Conselh Generau d\u2019Aran<\/strong>.<\/p>\n<p><a href=\"http:\/\/www.conselharan.org\/wp-content\/uploads\/2016\/04\/Ruben-Moreno-00342.jpg\"><img loading=\"lazy\" decoding=\"async\" class=\"aligncenter size-large wp-image-11455\" src=\"http:\/\/www.conselharan.org\/wp-content\/uploads\/2016\/04\/Ruben-Moreno-00342-1024x683.jpg\" alt=\"Ruben Moreno 00342\" width=\"1024\" height=\"683\" srcset=\"https:\/\/www.conselharan.org\/wp-content\/uploads\/2016\/04\/Ruben-Moreno-00342-1024x683.jpg 1024w, https:\/\/www.conselharan.org\/wp-content\/uploads\/2016\/04\/Ruben-Moreno-00342-300x200.jpg 300w\" sizes=\"(max-width: 1024px) 100vw, 1024px\" \/><\/a> <a href=\"http:\/\/www.conselharan.org\/wp-content\/uploads\/2016\/04\/Ruben-Moreno-00343.jpg\"><img loading=\"lazy\" decoding=\"async\" class=\"aligncenter size-large wp-image-11456\" src=\"http:\/\/www.conselharan.org\/wp-content\/uploads\/2016\/04\/Ruben-Moreno-00343-1024x683.jpg\" alt=\"Ruben Moreno 00343\" width=\"1024\" height=\"683\" srcset=\"https:\/\/www.conselharan.org\/wp-content\/uploads\/2016\/04\/Ruben-Moreno-00343-1024x683.jpg 1024w, https:\/\/www.conselharan.org\/wp-content\/uploads\/2016\/04\/Ruben-Moreno-00343-300x200.jpg 300w\" sizes=\"(max-width: 1024px) 100vw, 1024px\" \/><\/a><\/p>\n ","protected":false},"excerpt":{"rendered":"<p>El President de la Generalitat confirma la seva assist\u00e8ncia a la celebraci\u00f3 de la Festa d\u2019Aran d\u2019enguany, en motiu del 25\u00e8 aniversari de la restituci\u00f3 del Conselh Generau d\u2019Aran. Barcelona, 14 d\u2019abril de 2016.- El sindic d\u2019Aran Carlos Barrera, s\u2019ha reunit avui amb el President de la Generalitat, Carles Puigdemont al Palau de la Generalitat&#8230;.<\/p>\n","protected":false},"author":2,"featured_media":11454,"comment_status":"closed","ping_status":"closed","sticky":false,"template":"","format":"standard","meta":{"footnotes":""},"categories":[53,36],"tags":[],"_links":{"self":[{"href":"https:\/\/www.conselharan.org\/ca\/wp-json\/wp\/v2\/posts\/11458"}],"collection":[{"href":"https:\/\/www.conselharan.org\/ca\/wp-json\/wp\/v2\/posts"}],"about":[{"href":"https:\/\/www.conselharan.org\/ca\/wp-json\/wp\/v2\/types\/post"}],"author":[{"embeddable":true,"href":"https:\/\/www.conselharan.org\/ca\/wp-json\/wp\/v2\/users\/2"}],"replies":[{"embeddable":true,"href":"https:\/\/www.conselharan.org\/ca\/wp-json\/wp\/v2\/comments?post=11458"}],"version-history":[{"count":1,"href":"https:\/\/www.conselharan.org\/ca\/wp-json\/wp\/v2\/posts\/11458\/revisions"}],"predecessor-version":[{"id":11459,"href":"https:\/\/www.conselharan.org\/ca\/wp-json\/wp\/v2\/posts\/11458\/revisions\/11459"}],"wp:featuredmedia":[{"embeddable":true,"href":"https:\/\/www.conselharan.org\/ca\/wp-json\/wp\/v2\/media\/11454"}],"wp:attachment":[{"href":"https:\/\/www.conselharan.org\/ca\/wp-json\/wp\/v2\/media?parent=11458"}],"wp:term":[{"taxonomy":"category","embeddable":true,"href":"https:\/\/www.conselharan.org\/ca\/wp-json\/wp\/v2\/categories?post=11458"},{"taxonomy":"post_tag","embeddable":true,"href":"https:\/\/www.conselharan.org\/ca\/wp-json\/wp\/v2\/tags?post=11458"}],"curies":[{"name":"wp","href":"https:\/\/api.w.org\/{rel}","templated":true}]}}