{"id":11468,"date":"2016-04-15T14:03:56","date_gmt":"2016-04-15T12:03:56","guid":{"rendered":"http:\/\/www.conselharan.org\/ca\/?p=11468"},"modified":"2016-04-15T14:03:56","modified_gmt":"2016-04-15T12:03:56","slug":"exposicio-fotografia-en-relleu-a-lesglesia-de-sant-joan-darties","status":"publish","type":"post","link":"https:\/\/www.conselharan.org\/ca\/exposicio-fotografia-en-relleu-a-lesglesia-de-sant-joan-darties\/","title":{"rendered":"Exposici\u00f3 &#8220;Fotografia en relleu&#8221; a l&#8217;esgl\u00e9sia de Sant Joan d&#8217;Arties"},"content":{"rendered":"<p><strong>Avui divendres, 15 d&#8217;abril, a les 19:30 l&#8217;esgl\u00e9sia de Sant Joan d&#8217;Arties acull la inauguraci\u00f3 de l&#8217;exposici\u00f3 &#8220;Fotografia en relleu&#8221;.<\/strong><\/p>\n<p><strong>L&#8217;exposici\u00f3 es pot visitar de dilluns a dissabte de 17h00 a 20h00 fins al 15 de juny.<\/strong><\/p>\n<p>&nbsp;<\/p>\n<p><a href=\"http:\/\/www.conselharan.org\/wp-content\/uploads\/2016\/04\/01-CARTELL.jpg\"><img loading=\"lazy\" decoding=\"async\" class=\"aligncenter size-large wp-image-11465\" src=\"http:\/\/www.conselharan.org\/wp-content\/uploads\/2016\/04\/01-CARTELL-724x1024.jpg\" alt=\"01 CARTELL\" width=\"724\" height=\"1024\" srcset=\"https:\/\/www.conselharan.org\/wp-content\/uploads\/2016\/04\/01-CARTELL-724x1024.jpg 724w, https:\/\/www.conselharan.org\/wp-content\/uploads\/2016\/04\/01-CARTELL-212x300.jpg 212w\" sizes=\"(max-width: 724px) 100vw, 724px\" \/><\/a><\/p>\n<p>&nbsp;<\/p>\n<p>&nbsp;<\/p>\n<p>Vielha, 15 d&#8217;abril de 2016<\/p>\n<p>&nbsp;<\/p>\n<p><em>Conselh Generau d&#8217;Aran: N\u00faria Sanjuan<\/em><\/p>\n ","protected":false},"excerpt":{"rendered":"<p>Avui divendres, 15 d&#8217;abril, a les 19:30 l&#8217;esgl\u00e9sia de Sant Joan d&#8217;Arties acull la inauguraci\u00f3 de l&#8217;exposici\u00f3 &#8220;Fotografia en relleu&#8221;. L&#8217;exposici\u00f3 es pot visitar de dilluns a dissabte de 17h00 a 20h00 fins al 15 de juny. &nbsp; &nbsp; &nbsp; Vielha, 15 d&#8217;abril de 2016 &nbsp; Conselh Generau d&#8217;Aran: N\u00faria Sanjuan<\/p>\n","protected":false},"author":2,"featured_media":11465,"comment_status":"closed","ping_status":"closed","sticky":false,"template":"","format":"standard","meta":{"footnotes":""},"categories":[33],"tags":[],"_links":{"self":[{"href":"https:\/\/www.conselharan.org\/ca\/wp-json\/wp\/v2\/posts\/11468"}],"collection":[{"href":"https:\/\/www.conselharan.org\/ca\/wp-json\/wp\/v2\/posts"}],"about":[{"href":"https:\/\/www.conselharan.org\/ca\/wp-json\/wp\/v2\/types\/post"}],"author":[{"embeddable":true,"href":"https:\/\/www.conselharan.org\/ca\/wp-json\/wp\/v2\/users\/2"}],"replies":[{"embeddable":true,"href":"https:\/\/www.conselharan.org\/ca\/wp-json\/wp\/v2\/comments?post=11468"}],"version-history":[{"count":1,"href":"https:\/\/www.conselharan.org\/ca\/wp-json\/wp\/v2\/posts\/11468\/revisions"}],"predecessor-version":[{"id":11469,"href":"https:\/\/www.conselharan.org\/ca\/wp-json\/wp\/v2\/posts\/11468\/revisions\/11469"}],"wp:featuredmedia":[{"embeddable":true,"href":"https:\/\/www.conselharan.org\/ca\/wp-json\/wp\/v2\/media\/11465"}],"wp:attachment":[{"href":"https:\/\/www.conselharan.org\/ca\/wp-json\/wp\/v2\/media?parent=11468"}],"wp:term":[{"taxonomy":"category","embeddable":true,"href":"https:\/\/www.conselharan.org\/ca\/wp-json\/wp\/v2\/categories?post=11468"},{"taxonomy":"post_tag","embeddable":true,"href":"https:\/\/www.conselharan.org\/ca\/wp-json\/wp\/v2\/tags?post=11468"}],"curies":[{"name":"wp","href":"https:\/\/api.w.org\/{rel}","templated":true}]}}