{"id":11477,"date":"2016-04-15T15:48:18","date_gmt":"2016-04-15T13:48:18","guid":{"rendered":"http:\/\/www.conselharan.org\/ca\/?p=11477"},"modified":"2016-04-15T15:48:38","modified_gmt":"2016-04-15T13:48:38","slug":"el-govern-daran-inverteix-quasi-21-000e-al-parc-de-pompiers-de-les-per-reduir-el-consum-energetic","status":"publish","type":"post","link":"https:\/\/www.conselharan.org\/ca\/el-govern-daran-inverteix-quasi-21-000e-al-parc-de-pompiers-de-les-per-reduir-el-consum-energetic\/","title":{"rendered":"El Gov\u00e8rn d\u2019Aran inverteix quasi 21.000\u20ac al Parc de Pompi\u00e8rs de Les per reduir el consum energ\u00e8tic"},"content":{"rendered":"<p><a href=\"http:\/\/www.conselharan.org\/wp-content\/uploads\/2016\/04\/DSC_0184.jpg\"><img loading=\"lazy\" decoding=\"async\" class=\"aligncenter size-large wp-image-11475\" src=\"http:\/\/www.conselharan.org\/wp-content\/uploads\/2016\/04\/DSC_0184-1024x687.jpg\" alt=\"DSC_0184\" width=\"1024\" height=\"687\" srcset=\"https:\/\/www.conselharan.org\/wp-content\/uploads\/2016\/04\/DSC_0184-1024x687.jpg 1024w, https:\/\/www.conselharan.org\/wp-content\/uploads\/2016\/04\/DSC_0184-300x201.jpg 300w\" sizes=\"(max-width: 1024px) 100vw, 1024px\" \/><\/a><\/p>\n<p><em>\u00a0El t\u00e8cnic del Conselh Generau d\u2019Aran, Xavier Casta\u00f1eda, amb l&#8217;industrial<\/em><\/p>\n<p>&nbsp;<\/p>\n<p>El parc de Pompi\u00e8rs de Les t\u00e9 una ocupaci\u00f3 amb planta de 245m2 i una superf\u00edcie constru\u00efda de 424m2 distribu\u00efts amb planta baixa, primera planta i planta sotacoberta utilitzada com a magatzem amb un petit despatx.<\/p>\n<p>Es tracta d\u2019un edifici constru\u00eft l\u2019any 1890 dedicat a resid\u00e8ncia religiosa, on als voltants del mitjans\/finals dels anys 80 es va reformar passant a donar servei com a Parc de Pompi\u00e8rs. Actualment, el Parc \u00e9s propietat del Conselh Generau d\u2019Aran.<\/p>\n<p>En paraules del sindic d\u2019Aran, <strong>Carlos Barrera \u201camb quasi una trentena d\u2019anys funcionant s\u2019han tingut que fer per necessitat una s\u00e8rie de mesures de condicionament per donar resposta a una dr\u00e0stica reducci\u00f3 del consum energ\u00e8tic\u201d.<\/strong><\/p>\n<p><strong>Barrera<\/strong> ha afegit \u201c<strong>s\u2019ha millorat un equipament destinat a la gesti\u00f3 i resposta de les emerg\u00e8ncies<\/strong>\u201d.<\/p>\n<p>L\u2019objecte de les obres necess\u00e0ries per guanyar benestar baixant el consum energ\u00e8tic han estat:<\/p>\n<p>\u2022 Canvi de fusteria existent d\u2019alumini simple a PVC amb vidre doble baix emissiu i perfilaria amb trencament de pont t\u00e8rmic.<\/p>\n<p><strong>El cost de les obres ha estat de 20.713,48 euros.<\/strong><\/p>\n<p>&nbsp;<\/p>\n<p>&nbsp;<\/p>\n<p>Vielha, 15 d&#8217;abril de 2016<\/p>\n<p>&nbsp;<\/p>\n<p><em>Conselh Generau d&#8217;Aran: N\u00faria Sanjuan<\/em><\/p>\n<p>&nbsp;<\/p>\n ","protected":false},"excerpt":{"rendered":"<p>\u00a0El t\u00e8cnic del Conselh Generau d\u2019Aran, Xavier Casta\u00f1eda, amb l&#8217;industrial &nbsp; El parc de Pompi\u00e8rs de Les t\u00e9 una ocupaci\u00f3 amb planta de 245m2 i una superf\u00edcie constru\u00efda de 424m2 distribu\u00efts amb planta baixa, primera planta i planta sotacoberta utilitzada com a magatzem amb un petit despatx. Es tracta d\u2019un edifici constru\u00eft l\u2019any 1890 dedicat&#8230;<\/p>\n","protected":false},"author":2,"featured_media":11475,"comment_status":"closed","ping_status":"closed","sticky":false,"template":"","format":"standard","meta":{"footnotes":""},"categories":[53],"tags":[],"_links":{"self":[{"href":"https:\/\/www.conselharan.org\/ca\/wp-json\/wp\/v2\/posts\/11477"}],"collection":[{"href":"https:\/\/www.conselharan.org\/ca\/wp-json\/wp\/v2\/posts"}],"about":[{"href":"https:\/\/www.conselharan.org\/ca\/wp-json\/wp\/v2\/types\/post"}],"author":[{"embeddable":true,"href":"https:\/\/www.conselharan.org\/ca\/wp-json\/wp\/v2\/users\/2"}],"replies":[{"embeddable":true,"href":"https:\/\/www.conselharan.org\/ca\/wp-json\/wp\/v2\/comments?post=11477"}],"version-history":[{"count":1,"href":"https:\/\/www.conselharan.org\/ca\/wp-json\/wp\/v2\/posts\/11477\/revisions"}],"predecessor-version":[{"id":11478,"href":"https:\/\/www.conselharan.org\/ca\/wp-json\/wp\/v2\/posts\/11477\/revisions\/11478"}],"wp:featuredmedia":[{"embeddable":true,"href":"https:\/\/www.conselharan.org\/ca\/wp-json\/wp\/v2\/media\/11475"}],"wp:attachment":[{"href":"https:\/\/www.conselharan.org\/ca\/wp-json\/wp\/v2\/media?parent=11477"}],"wp:term":[{"taxonomy":"category","embeddable":true,"href":"https:\/\/www.conselharan.org\/ca\/wp-json\/wp\/v2\/categories?post=11477"},{"taxonomy":"post_tag","embeddable":true,"href":"https:\/\/www.conselharan.org\/ca\/wp-json\/wp\/v2\/tags?post=11477"}],"curies":[{"name":"wp","href":"https:\/\/api.w.org\/{rel}","templated":true}]}}